{"id":9210,"date":"2021-04-09T17:31:24","date_gmt":"2021-04-09T15:31:24","guid":{"rendered":"http:\/\/agora.xtec.cat\/escolalavilapalamos\/?p=9210"},"modified":"2021-04-12T16:34:35","modified_gmt":"2021-04-12T14:34:35","slug":"a-1r-pintem-vincent-van-gogh","status":"publish","type":"post","link":"https:\/\/agora.xtec.cat\/escolalavilapalamos\/portada\/a-1r-pintem-vincent-van-gogh\/","title":{"rendered":"A 1r pintem Vincent van Gogh"},"content":{"rendered":"<p>Els nens i nenes de 1r hem treballat el pintor <strong>Vincent van Gohg<\/strong> a tallers de visual i pl\u00e0stica. Els dijous a la tarda fem Art i cada setmana canviem la t\u00e8cnica: modelatge, dibuix, pintura i manualitats. Quan pintem sempre prenem per refer\u00e8ncia un pintor \/ pintora o un per\u00edode de la hist\u00f2ria de l&#8217;art: art rupestre, art de l&#8217;Antic Egipte, Modigliani,\u00a0 Leonardo da Vinci, Warhol, etc. <strong>La hist\u00f2ria de l&#8217;art ens inspira la nostra creativitat.<a href=\"https:\/\/agora.xtec.cat\/escolalavilapalamos\/wp-content\/uploads\/usu897\/2019\/03\/800px-Vincent_van_Gogh_-_Self-Portrait_-_Google_Art_Project.jpg\"><img loading=\"lazy\" decoding=\"async\" class=\" wp-image-5610 alignright\" src=\"https:\/\/agora.xtec.cat\/escolalavilapalamos\/wp-content\/uploads\/usu897\/2019\/03\/800px-Vincent_van_Gogh_-_Self-Portrait_-_Google_Art_Project-247x300.jpg\" alt=\"\" width=\"282\" height=\"343\" srcset=\"https:\/\/agora.xtec.cat\/escolalavilapalamos\/wp-content\/uploads\/usu897\/2019\/03\/800px-Vincent_van_Gogh_-_Self-Portrait_-_Google_Art_Project-247x300.jpg 247w, https:\/\/agora.xtec.cat\/escolalavilapalamos\/wp-content\/uploads\/usu897\/2019\/03\/800px-Vincent_van_Gogh_-_Self-Portrait_-_Google_Art_Project-768x933.jpg 768w, https:\/\/agora.xtec.cat\/escolalavilapalamos\/wp-content\/uploads\/usu897\/2019\/03\/800px-Vincent_van_Gogh_-_Self-Portrait_-_Google_Art_Project.jpg 800w\" sizes=\"auto, (max-width: 282px) 100vw, 282px\" \/><\/a><\/strong><\/p>\n<p>Hem treballat tres pintures de Van Gogh: <em>Els girasols (1889), Vaixells a la platja (1888) i La nit estrellada (1889)<\/em>. Hem dibuixat i hem pintat amb colors t\u00e9mperes i ceres. Tot i que semblants, cada nen i nena hi posa el seu car\u00e0cter i personalitat en la seva obra inspirada en Van Gogh.<\/p>\n<p><a href=\"https:\/\/photos.app.goo.gl\/qKN5MxR7mN52krQs6\">Podeu gaudir de les obres clicant aqu\u00ed.<\/a><\/p>\n<p><em> Vincent van Gogh<\/em> \u00e9s un dels pintors m\u00e9s famosos. Va n\u00e9ixer el 30 de mar\u00e7 de 1853. Es va translladar al sud de Fran\u00e7a, on va morir el 1890. Va morir ben jove, nom\u00e9s tenia 37 anys. Fou un pintor postimpressionista holand\u00e8s,\u00a0 autor d&#8217;uns 900 quadres (27 d&#8217;aquests autoretrats) i uns 1.600 dibuixos.\u00a0 Van Gogh fou un pioner de l&#8217;expressionisme. Malgrat la qualitat de l&#8217;obra, calgu\u00e9 esperar a la seva mort perqu\u00e8 els m\u00e8rits li fossin reconeguts i es convert\u00eds en una gran figura de la pintura. Tingu\u00e9 una gran influ\u00e8ncia en l&#8217;art del\u00a0segle XX.<\/p>\n","protected":false},"excerpt":{"rendered":"<p>Els nens i nenes de 1r hem treballat el pintor Vincent van Gohg a tallers de visual i pl\u00e0stica. Els dijous a la tarda fem Art i cada setmana canviem la t\u00e8cnica: modelatge, dibuix, pintura i manualitats. Quan pintem sempre prenem per refer\u00e8ncia un pintor&hellip;  <a href=\"https:\/\/agora.xtec.cat\/escolalavilapalamos\/portada\/a-1r-pintem-vincent-van-gogh\/\" title=\"Read A 1r pintem Vincent van Gogh\">Llegeix m\u00e9s\u00bb<\/a><\/p>\n","protected":false},"author":1,"featured_media":9219,"comment_status":"open","ping_status":"closed","sticky":false,"template":"","format":"standard","meta":{"_bbp_topic_count":0,"_bbp_reply_count":0,"_bbp_total_topic_count":0,"_bbp_total_reply_count":0,"_bbp_voice_count":0,"_bbp_anonymous_reply_count":0,"_bbp_topic_count_hidden":0,"_bbp_reply_count_hidden":0,"_bbp_forum_subforum_count":0,"footnotes":""},"categories":[127,4],"tags":[],"class_list":["post-9210","post","type-post","status-publish","format-standard","has-post-thumbnail","hentry","category-comunitat-de-mitjans","category-portada"],"post_mailing_queue_ids":[],"_links":{"self":[{"href":"https:\/\/agora.xtec.cat\/escolalavilapalamos\/wp-json\/wp\/v2\/posts\/9210","targetHints":{"allow":["GET"]}}],"collection":[{"href":"https:\/\/agora.xtec.cat\/escolalavilapalamos\/wp-json\/wp\/v2\/posts"}],"about":[{"href":"https:\/\/agora.xtec.cat\/escolalavilapalamos\/wp-json\/wp\/v2\/types\/post"}],"author":[{"embeddable":true,"href":"https:\/\/agora.xtec.cat\/escolalavilapalamos\/wp-json\/wp\/v2\/users\/1"}],"replies":[{"embeddable":true,"href":"https:\/\/agora.xtec.cat\/escolalavilapalamos\/wp-json\/wp\/v2\/comments?post=9210"}],"version-history":[{"count":3,"href":"https:\/\/agora.xtec.cat\/escolalavilapalamos\/wp-json\/wp\/v2\/posts\/9210\/revisions"}],"predecessor-version":[{"id":9227,"href":"https:\/\/agora.xtec.cat\/escolalavilapalamos\/wp-json\/wp\/v2\/posts\/9210\/revisions\/9227"}],"wp:featuredmedia":[{"embeddable":true,"href":"https:\/\/agora.xtec.cat\/escolalavilapalamos\/wp-json\/wp\/v2\/media\/9219"}],"wp:attachment":[{"href":"https:\/\/agora.xtec.cat\/escolalavilapalamos\/wp-json\/wp\/v2\/media?parent=9210"}],"wp:term":[{"taxonomy":"category","embeddable":true,"href":"https:\/\/agora.xtec.cat\/escolalavilapalamos\/wp-json\/wp\/v2\/categories?post=9210"},{"taxonomy":"post_tag","embeddable":true,"href":"https:\/\/agora.xtec.cat\/escolalavilapalamos\/wp-json\/wp\/v2\/tags?post=9210"}],"curies":[{"name":"wp","href":"https:\/\/api.w.org\/{rel}","templated":true}]}}