{"id":9204,"date":"2021-03-14T08:05:22","date_gmt":"2021-03-14T07:05:22","guid":{"rendered":"http:\/\/agora.xtec.cat\/escolalavilapalamos\/?p=9204"},"modified":"2021-04-06T11:57:37","modified_gmt":"2021-04-06T09:57:37","slug":"preinscripcio-curs-2021-22","status":"publish","type":"post","link":"https:\/\/agora.xtec.cat\/escolalavilapalamos\/general\/preinscripcio-curs-2021-22\/","title":{"rendered":"Preinscripci\u00f3 curs 2021-22"},"content":{"rendered":"<h3><a href=\"https:\/\/agora.xtec.cat\/escolalavilapalamos\/wp-content\/uploads\/usu897\/2021\/03\/Imatge-preinscripcio.jpg\"><img loading=\"lazy\" decoding=\"async\" class=\"alignleft wp-image-9090\" src=\"https:\/\/agora.xtec.cat\/escolalavilapalamos\/wp-content\/uploads\/usu897\/2021\/03\/Imatge-preinscripcio-300x158.jpg\" alt=\"\" width=\"387\" height=\"204\" srcset=\"https:\/\/agora.xtec.cat\/escolalavilapalamos\/wp-content\/uploads\/usu897\/2021\/03\/Imatge-preinscripcio-300x158.jpg 300w, https:\/\/agora.xtec.cat\/escolalavilapalamos\/wp-content\/uploads\/usu897\/2021\/03\/Imatge-preinscripcio-768x405.jpg 768w, https:\/\/agora.xtec.cat\/escolalavilapalamos\/wp-content\/uploads\/usu897\/2021\/03\/Imatge-preinscripcio.jpg 1000w\" sizes=\"auto, (max-width: 387px) 100vw, 387px\" \/><\/a><\/h3>\n<p>Dilluns 15 de mar\u00e7 s\u2019inicia el per\u00edode per presentar la sol\u2022licitud de <strong>preinscripci\u00f3 pel proper curs 2021-22<\/strong>. La presentaci\u00f3 de les sol\u2022licituds \u00e9s del <strong>dilluns 15 al dimecres 24 de mar\u00e7 de 2021 ambd\u00f3s inclosos.<br \/>\n<\/strong><\/p>\n<p><strong>T&#8217;has despitat i no has pensat a fer la sol\u00b7licitud de preinscripci\u00f3 ? Fes la sol\u00b7licitud fora de termini ( del 6 del 26 d&#8217;abril ) en els mateixos enlla\u00e7os:<\/strong><\/p>\n<p>Totes les sol\u00b7licituds s\u00f3n en format telem\u00e0tic en aquests enlla\u00e7os: <a href=\"https:\/\/preinscripcio.gencat.cat\/ca\/estudis\/infantil-3-6\/preinscriute\/sollicitud\/\">Educaci\u00f3 infantil (P3-P4 i P5)<\/a> o <a href=\"http:\/\/educacio.gencat.cat\/ca\/tramits\/tramits-temes\/20483-obligatoris?moda=2\">Educaci\u00f3 Prim\u00e0ria (1r, 2n, 3r, 4t, 5\u00e8 i 6\u00e8)<\/a>. <em>No es pot presentar cap preinscripci\u00f3 en paper a la secretaria de l&#8217;escola<\/em><\/p>\n<p>No cal lliurar cap documentaci\u00f3 presencialment al centre educatiu que indiqueu en primera opci\u00f3.<\/p>\n<p><iframe loading=\"lazy\" src=\"\/\/www.youtube.com\/embed\/7Jz8gYBFCFM\" width=\"560\" height=\"314\" data-mce-fragment=\"1\"><\/iframe><\/p>\n<p><a href=\"https:\/\/drive.google.com\/file\/d\/1twQ7IKozBv8clLgxEcXDNnf8E1_MpuAc\/view?usp=sharing\">Publicaci\u00f3 de l\u2019oferta de places al tauler d\u2019anuncis del centre: dijous 11 de mar\u00e7<\/a><\/p>\n<p><a href=\"https:\/\/drive.google.com\/file\/d\/1e8lM9S1q6N-_kq6Tpsf31c8bKUhp-sCn\/view?usp=sharing\">Informaci\u00f3 de preinscripci\u00f3 2021-22<\/a><\/p>\n<p><a href=\"https:\/\/drive.google.com\/file\/d\/19cpQbkrGyn1DxjwtFgzzLSuADReiWYtz\/view\">Infografia dels passos a seguir en el proc\u00e9s de preinscripci\u00f3 (en catal\u00e0).<\/a> <a href=\"https:\/\/serveiseducatius.xtec.cat\/baixemporda\/categoria\/crp\/\">Infografia en altres idiomes<\/a><\/p>\n<p><a href=\"https:\/\/drive.google.com\/file\/d\/1R4_rc3yRJHM1S2f0DqCQjirikokFNHj6\/view?usp=sharing\">Clica per con\u00e8ixer el proc\u00e9s de la preinscripci\u00f3 i els criteris de prioritat.\u00a0<\/a><\/p>\n<p><a href=\"https:\/\/drive.google.com\/file\/d\/1JNlBjSVy-3EFnhJ4lUVHvKekFbF0lw5G\/view?usp=sharing\">Calendari del proc\u00e9s de preinscripci\u00f3<\/a><\/p>\n<p><b>Us ajudem a fer la sol.licitud de manera presencial en cas que tingueu alguna dificultat. <a href=\"https:\/\/drive.google.com\/file\/d\/1_vlxqayv8Bpw4FbdVqOEpduSs7p5DfLC\/view?usp=sharing\">Clica aqu\u00ed si necessites ajuda<\/a><br \/>\n<\/b><\/p>\n<p>Informaci\u00f3 d&#8217;inter\u00e8s de l&#8217;Escola La Vila (en breu)<\/p>\n<p>M\u00e9s informaci\u00f3 a <a href=\"https:\/\/preinscripcio.gencat.cat\/ca\/inici\">la web de la preinscripci\u00f3 del Departament d\u2019Educaci\u00f3<\/a> de la Generalitat de Catalunya.<\/p>\n<h6><a href=\"https:\/\/dogc.gencat.cat\/ca\/document-del-dogc\/?documentId=894935\">RESOLUCI\u00d3 EDU\/596\/2021, de 2 de mar\u00e7, per la qual s\u2019aproven les normes de preinscripci\u00f3 i matr\u00edcula d\u2019alumnes als centres del Servei d\u2019Educaci\u00f3 de Catalunya i altres centres educatius, en els diversos ensenyaments sostinguts amb fons p\u00fablics, per al curs 2021-2022.<\/a><\/h6>\n","protected":false},"excerpt":{"rendered":"<p><a href=\"https:\/\/agora.xtec.cat\/escolalavilapalamos\/wp-content\/uploads\/usu897\/2021\/03\/Imatge-preinscripcio.jpg\"><\/a><br \/>\nDilluns 15 de mar\u00e7 s\u2019inicia el per\u00edode per presentar la sol\u2022licitud de preinscripci\u00f3 pel proper curs 2021-22. La presentaci\u00f3 de les sol\u2022licituds \u00e9s del dilluns 15 al dimecres 24 de mar\u00e7 de 2021 ambd\u00f3s inclosos.<\/p>\n<p>T&#8217;has despitat i no has pensat a fer la sol\u00b7licitud&hellip;  <a href=\"https:\/\/agora.xtec.cat\/escolalavilapalamos\/general\/preinscripcio-curs-2021-22\/\" title=\"Read Preinscripci\u00f3 curs 2021-22\">Llegeix m\u00e9s\u00bb<\/a><\/p>\n","protected":false},"author":1,"featured_media":9090,"comment_status":"open","ping_status":"closed","sticky":false,"template":"","format":"standard","meta":{"_bbp_topic_count":0,"_bbp_reply_count":0,"_bbp_total_topic_count":0,"_bbp_total_reply_count":0,"_bbp_voice_count":0,"_bbp_anonymous_reply_count":0,"_bbp_topic_count_hidden":0,"_bbp_reply_count_hidden":0,"_bbp_forum_subforum_count":0,"footnotes":""},"categories":[1,4],"tags":[],"class_list":["post-9204","post","type-post","status-publish","format-standard","has-post-thumbnail","hentry","category-general","category-portada"],"post_mailing_queue_ids":[],"_links":{"self":[{"href":"https:\/\/agora.xtec.cat\/escolalavilapalamos\/wp-json\/wp\/v2\/posts\/9204","targetHints":{"allow":["GET"]}}],"collection":[{"href":"https:\/\/agora.xtec.cat\/escolalavilapalamos\/wp-json\/wp\/v2\/posts"}],"about":[{"href":"https:\/\/agora.xtec.cat\/escolalavilapalamos\/wp-json\/wp\/v2\/types\/post"}],"author":[{"embeddable":true,"href":"https:\/\/agora.xtec.cat\/escolalavilapalamos\/wp-json\/wp\/v2\/users\/1"}],"replies":[{"embeddable":true,"href":"https:\/\/agora.xtec.cat\/escolalavilapalamos\/wp-json\/wp\/v2\/comments?post=9204"}],"version-history":[{"count":2,"href":"https:\/\/agora.xtec.cat\/escolalavilapalamos\/wp-json\/wp\/v2\/posts\/9204\/revisions"}],"predecessor-version":[{"id":9206,"href":"https:\/\/agora.xtec.cat\/escolalavilapalamos\/wp-json\/wp\/v2\/posts\/9204\/revisions\/9206"}],"wp:featuredmedia":[{"embeddable":true,"href":"https:\/\/agora.xtec.cat\/escolalavilapalamos\/wp-json\/wp\/v2\/media\/9090"}],"wp:attachment":[{"href":"https:\/\/agora.xtec.cat\/escolalavilapalamos\/wp-json\/wp\/v2\/media?parent=9204"}],"wp:term":[{"taxonomy":"category","embeddable":true,"href":"https:\/\/agora.xtec.cat\/escolalavilapalamos\/wp-json\/wp\/v2\/categories?post=9204"},{"taxonomy":"post_tag","embeddable":true,"href":"https:\/\/agora.xtec.cat\/escolalavilapalamos\/wp-json\/wp\/v2\/tags?post=9204"}],"curies":[{"name":"wp","href":"https:\/\/api.w.org\/{rel}","templated":true}]}}