{"id":9198,"date":"2021-03-26T11:26:09","date_gmt":"2021-03-26T10:26:09","guid":{"rendered":"http:\/\/agora.xtec.cat\/escolalavilapalamos\/?p=9198"},"modified":"2021-03-26T11:33:19","modified_gmt":"2021-03-26T10:33:19","slug":"setmana-santa-2021","status":"publish","type":"post","link":"https:\/\/agora.xtec.cat\/escolalavilapalamos\/portada\/setmana-santa-2021\/","title":{"rendered":"Setmana santa 2021"},"content":{"rendered":"<header class=\"entry-header\"><\/header>\n<div class=\"entry-content\">\n<p><a href=\"http:\/\/agora.xtec.cat\/escolalavilapalamos\/wp-content\/uploads\/usu897\/2018\/03\/easter-eggs.jpg\"><img loading=\"lazy\" decoding=\"async\" class=\"wp-image-2645 alignright\" src=\"http:\/\/agora.xtec.cat\/escolalavilapalamos\/wp-content\/uploads\/usu897\/2018\/03\/easter-eggs.jpg\" sizes=\"auto, (max-width: 321px) 100vw, 321px\" srcset=\"https:\/\/agora.xtec.cat\/escolalavilapalamos\/wp-content\/uploads\/usu897\/2018\/03\/easter-eggs.jpg 529w, https:\/\/agora.xtec.cat\/escolalavilapalamos\/wp-content\/uploads\/usu897\/2018\/03\/easter-eggs-300x221.jpg 300w\" alt=\"\" width=\"321\" height=\"237\" \/><\/a>Benvolgudes fam\u00edlies, acaba el segon trimestre del curs 2020-21. El temps passa molt r\u00e0pid. Hem de felicitar a totes les nenes, nens, nois i noies del centre per com porten el curs de la pand\u00e8mia. Ara venen uns dies per descansar i agafar forces pel darrer tram del curs<\/p>\n<p><strong>Les vacances de Setmana Santa s\u00f3n de dissabte 27 de mar\u00e7 al dilluns 5 d\u2019abril (ambd\u00f3s inclosos)<\/strong>.<\/p>\n<p>Ens retrobem a l\u2019escola <strong>dimarts 6 d\u2019abril en l\u2019horari habitual.<\/strong><\/p>\n<p>Bones vacances !<\/p>\n<\/div>\n","protected":false},"excerpt":{"rendered":"<p><a href=\"http:\/\/agora.xtec.cat\/escolalavilapalamos\/wp-content\/uploads\/usu897\/2018\/03\/easter-eggs.jpg\"><\/a>Benvolgudes fam\u00edlies, acaba el segon trimestre del curs 2020-21. El temps passa molt r\u00e0pid. Hem de felicitar a totes les nenes, nens, nois i noies del centre per com porten el curs de la pand\u00e8mia. Ara venen uns dies per descansar i agafar forces&hellip;  <a href=\"https:\/\/agora.xtec.cat\/escolalavilapalamos\/portada\/setmana-santa-2021\/\" title=\"Read Setmana santa 2021\">Llegeix m\u00e9s\u00bb<\/a><\/p>\n","protected":false},"author":1,"featured_media":9200,"comment_status":"open","ping_status":"closed","sticky":false,"template":"","format":"standard","meta":{"_bbp_topic_count":0,"_bbp_reply_count":0,"_bbp_total_topic_count":0,"_bbp_total_reply_count":0,"_bbp_voice_count":0,"_bbp_anonymous_reply_count":0,"_bbp_topic_count_hidden":0,"_bbp_reply_count_hidden":0,"_bbp_forum_subforum_count":0,"footnotes":""},"categories":[4],"tags":[],"class_list":["post-9198","post","type-post","status-publish","format-standard","has-post-thumbnail","hentry","category-portada"],"post_mailing_queue_ids":[],"_links":{"self":[{"href":"https:\/\/agora.xtec.cat\/escolalavilapalamos\/wp-json\/wp\/v2\/posts\/9198","targetHints":{"allow":["GET"]}}],"collection":[{"href":"https:\/\/agora.xtec.cat\/escolalavilapalamos\/wp-json\/wp\/v2\/posts"}],"about":[{"href":"https:\/\/agora.xtec.cat\/escolalavilapalamos\/wp-json\/wp\/v2\/types\/post"}],"author":[{"embeddable":true,"href":"https:\/\/agora.xtec.cat\/escolalavilapalamos\/wp-json\/wp\/v2\/users\/1"}],"replies":[{"embeddable":true,"href":"https:\/\/agora.xtec.cat\/escolalavilapalamos\/wp-json\/wp\/v2\/comments?post=9198"}],"version-history":[{"count":2,"href":"https:\/\/agora.xtec.cat\/escolalavilapalamos\/wp-json\/wp\/v2\/posts\/9198\/revisions"}],"predecessor-version":[{"id":9201,"href":"https:\/\/agora.xtec.cat\/escolalavilapalamos\/wp-json\/wp\/v2\/posts\/9198\/revisions\/9201"}],"wp:featuredmedia":[{"embeddable":true,"href":"https:\/\/agora.xtec.cat\/escolalavilapalamos\/wp-json\/wp\/v2\/media\/9200"}],"wp:attachment":[{"href":"https:\/\/agora.xtec.cat\/escolalavilapalamos\/wp-json\/wp\/v2\/media?parent=9198"}],"wp:term":[{"taxonomy":"category","embeddable":true,"href":"https:\/\/agora.xtec.cat\/escolalavilapalamos\/wp-json\/wp\/v2\/categories?post=9198"},{"taxonomy":"post_tag","embeddable":true,"href":"https:\/\/agora.xtec.cat\/escolalavilapalamos\/wp-json\/wp\/v2\/tags?post=9198"}],"curies":[{"name":"wp","href":"https:\/\/api.w.org\/{rel}","templated":true}]}}