{"id":9180,"date":"2021-03-25T12:29:04","date_gmt":"2021-03-25T11:29:04","guid":{"rendered":"http:\/\/agora.xtec.cat\/escolalavilapalamos\/?p=9180"},"modified":"2021-03-26T11:26:41","modified_gmt":"2021-03-26T10:26:41","slug":"sortida-a-les-platges-de-llevant-3","status":"publish","type":"post","link":"https:\/\/agora.xtec.cat\/escolalavilapalamos\/general\/sortida-a-les-platges-de-llevant-3\/","title":{"rendered":"Sortida a les Platges de Llevant"},"content":{"rendered":"<p><img loading=\"lazy\" decoding=\"async\" class=\"attachment-266x266 size-266x266 alignright\" src=\"https:\/\/agora.xtec.cat\/escolalavilapalamos\/wp-content\/uploads\/usu897\/2021\/03\/castell-300x300.jpg\" alt=\"\" width=\"266\" height=\"266\" \/><\/p>\n<p>El dilluns 22 de mar\u00e7 els nens i nenes de 6\u00e8 vam fer una excursi\u00f3 a les Platges de Llevant.<\/p>\n<p>La primera parada va ser per visitar\u00a0 el Castell de Sant Esteve. El primer document escrit d\u2019aquest castell data del segle XIII quan Pere el Gran el va comprar.<\/p>\n<p>En Ra\u00fcl, el monitor, ens va explicar que aquest punt tan estrat\u00e8gic primerament havia estat un assentament ib\u00e8ric, despr\u00e9s rom\u00e0 i un castell constru\u00eft a l\u2019edat mitjana, el qual tenia una bona vista de tot el litoral.\u00a0 Finalment es va convertir en masia al segle XVI-XVII. La masia compartia les tasques agr\u00edcoles amb la vigil\u00e0ncia de la costa pels atacs dels pirates. Va estar habitada fins mitjans del segle XX. Any rere any es va anar deteriorant fins que a principis del segle XXI es va estabilitzar. Actualment pertany a l\u2019Ajuntament de Palam\u00f3s .<\/p>\n<p>Quan vam arribar a Castell, en Ra\u00fcl ens va acompanyar a veure el poblat Ib\u00e8ric. Els primers Ibers no sabien fer cabanes, aix\u00ed que van optar per fer les seves cases en forats sota terra. En aquell moment encara no sabien escriure, els hi van ensenyar els grecs i els fenicis. Ho feien sobre plom amb un punx\u00f3. La tribu dels indigets van fer l\u2019escrit m\u00e9s llarg de l\u2019\u00e8poca encara conservat. El podem veure al Museu de Sant Pere de Galligants.<\/p>\n<p>L\u2019entrada del poblat tenia forma de ela per facilitar la seva defensa. Els Ibers van aplanar el pujol del seu poblat per construir un temple amb quatre columnes a la part superior i van anar ampliant el terreny, fent terrasses a la muntanya en forma de past\u00eds. Aquest poblat va ser el que va durar m\u00e9s temps d\u2019aquesta zona. Va durar uns sis-cents anys. Va desapar\u00e8ixer quan els romans ja havien conquerit el Mediterrani.<\/p>\n<p>Al llarg del cam\u00ed, l\u2019Afra tamb\u00e9 ens va explicar l\u2019or\u00edgen d\u2019alguns dels nostres top\u00f2nims, com cala s\u2019Alguer, la Fosca, Cap Gros, La Foradada, cala Corbs, cala Pallarida\u2026<\/p>\n<p>Un cop a Castell vam aprendre qu\u00e8 s\u00f3n les dunes i la import\u00e0ncia de preservar-les, cal que cuidem el nostre entorn.<\/p>\n<p>A m\u00e9s, tamb\u00e9 vam dedicar una bona estona simplement a observar, olorar, escoltar i sobretot gaudir d\u2019aquest paisatge tan bonic.<\/p>\n<p>Ah! I si voleu unes dents ben netes, rosegueu una estona una fulla de llentiscle!<\/p>\n<p>Alumnes de 6\u00e8<\/p>\n<p><a href=\"https:\/\/photos.app.goo.gl\/icArKLwZdmJnwwWw9\">Fotos Platges de Llevant<\/a><\/p>\n","protected":false},"excerpt":{"rendered":"<p>El dilluns 22 de mar\u00e7 els nens i nenes de 6\u00e8 vam fer una excursi\u00f3 a les Platges de Llevant.<br \/>\nLa primera parada va ser per visitar\u00a0 el Castell de Sant Esteve. El primer document escrit d\u2019aquest castell data del segle XIII quan Pere el Gran&hellip;  <a href=\"https:\/\/agora.xtec.cat\/escolalavilapalamos\/general\/sortida-a-les-platges-de-llevant-3\/\" title=\"Read Sortida a les Platges de Llevant\">Llegeix m\u00e9s\u00bb<\/a><\/p>\n","protected":false},"author":132,"featured_media":9181,"comment_status":"open","ping_status":"closed","sticky":false,"template":"","format":"standard","meta":{"_bbp_topic_count":0,"_bbp_reply_count":0,"_bbp_total_topic_count":0,"_bbp_total_reply_count":0,"_bbp_voice_count":0,"_bbp_anonymous_reply_count":0,"_bbp_topic_count_hidden":0,"_bbp_reply_count_hidden":0,"_bbp_forum_subforum_count":0,"footnotes":""},"categories":[1,4],"tags":[],"class_list":["post-9180","post","type-post","status-publish","format-standard","has-post-thumbnail","hentry","category-general","category-portada"],"post_mailing_queue_ids":[],"_links":{"self":[{"href":"https:\/\/agora.xtec.cat\/escolalavilapalamos\/wp-json\/wp\/v2\/posts\/9180","targetHints":{"allow":["GET"]}}],"collection":[{"href":"https:\/\/agora.xtec.cat\/escolalavilapalamos\/wp-json\/wp\/v2\/posts"}],"about":[{"href":"https:\/\/agora.xtec.cat\/escolalavilapalamos\/wp-json\/wp\/v2\/types\/post"}],"author":[{"embeddable":true,"href":"https:\/\/agora.xtec.cat\/escolalavilapalamos\/wp-json\/wp\/v2\/users\/132"}],"replies":[{"embeddable":true,"href":"https:\/\/agora.xtec.cat\/escolalavilapalamos\/wp-json\/wp\/v2\/comments?post=9180"}],"version-history":[{"count":3,"href":"https:\/\/agora.xtec.cat\/escolalavilapalamos\/wp-json\/wp\/v2\/posts\/9180\/revisions"}],"predecessor-version":[{"id":9193,"href":"https:\/\/agora.xtec.cat\/escolalavilapalamos\/wp-json\/wp\/v2\/posts\/9180\/revisions\/9193"}],"wp:featuredmedia":[{"embeddable":true,"href":"https:\/\/agora.xtec.cat\/escolalavilapalamos\/wp-json\/wp\/v2\/media\/9181"}],"wp:attachment":[{"href":"https:\/\/agora.xtec.cat\/escolalavilapalamos\/wp-json\/wp\/v2\/media?parent=9180"}],"wp:term":[{"taxonomy":"category","embeddable":true,"href":"https:\/\/agora.xtec.cat\/escolalavilapalamos\/wp-json\/wp\/v2\/categories?post=9180"},{"taxonomy":"post_tag","embeddable":true,"href":"https:\/\/agora.xtec.cat\/escolalavilapalamos\/wp-json\/wp\/v2\/tags?post=9180"}],"curies":[{"name":"wp","href":"https:\/\/api.w.org\/{rel}","templated":true}]}}