{"id":9175,"date":"2021-04-16T13:12:06","date_gmt":"2021-04-16T11:12:06","guid":{"rendered":"http:\/\/agora.xtec.cat\/escolalavilapalamos\/?p=9175"},"modified":"2021-04-16T16:54:01","modified_gmt":"2021-04-16T14:54:01","slug":"fem-de-pintors-com-piet-mondrian-a-p4","status":"publish","type":"post","link":"https:\/\/agora.xtec.cat\/escolalavilapalamos\/general\/fem-de-pintors-com-piet-mondrian-a-p4\/","title":{"rendered":"Fem de pintors com Piet Mondrian a P4"},"content":{"rendered":"<p>Els nens i nenes de P4 hem treballat el pintor <a href=\"https:\/\/ca.wikipedia.org\/wiki\/Piet_Mondrian\">Piet Mondrian<\/a>. Hem descobert que la majoria dels seus quadres els feia amb colors primaris: groc, blau, vermell. Hem jugat a recrear les seves pintures a l&#8217;espai de construccions, a la taula de llum i a l&#8217;espai d&#8217;art.<\/p>\n<p><b>Piet Mondrian<\/b> ( 1872\u00a0&#8211; 1944), va ser un\u00a0pintor\u00a0i\u00a0te\u00f2ric de l&#8217;art holand\u00e8s considerat un dels grans artistes del segle XX.\u00a0\u00c9s conegut per ser un dels pioners de l&#8217;<a title=\"\" href=\"https:\/\/ca.wikipedia.org\/wiki\/Art_abstracte\">art abstracte<\/a>\u00a0del segle <span title=\"Nombre\u00a0escrit en xifres romanes\">XX<\/span>, ja que va canviar la seva direcci\u00f3 art\u00edstica de la pintura figurativa a un estil cada vegada m\u00e9s abstracte, fins que va arribar a un punt en qu\u00e8 el seu vocabulari art\u00edstic es va reduir a elements geom\u00e8trics simples.<\/p>\n<p>Cliqueu la foto per veure el treball que hem fet del pintor a les aules de P4<\/p>\n<p><a href=\"https:\/\/photos.app.goo.gl\/qqhRgwV9Lk1SoQXEA\"><img loading=\"lazy\" decoding=\"async\" class=\"aligncenter wp-image-9235\" src=\"https:\/\/agora.xtec.cat\/escolalavilapalamos\/wp-content\/uploads\/usu897\/2021\/04\/IMG_0828-1024x768.jpg\" alt=\"\" width=\"724\" height=\"543\" srcset=\"https:\/\/agora.xtec.cat\/escolalavilapalamos\/wp-content\/uploads\/usu897\/2021\/04\/IMG_0828-1024x768.jpg 1024w, https:\/\/agora.xtec.cat\/escolalavilapalamos\/wp-content\/uploads\/usu897\/2021\/04\/IMG_0828-300x225.jpg 300w, https:\/\/agora.xtec.cat\/escolalavilapalamos\/wp-content\/uploads\/usu897\/2021\/04\/IMG_0828-768x576.jpg 768w, https:\/\/agora.xtec.cat\/escolalavilapalamos\/wp-content\/uploads\/usu897\/2021\/04\/IMG_0828-200x150.jpg 200w\" sizes=\"auto, (max-width: 724px) 100vw, 724px\" \/><\/a><\/p>\n<p>&nbsp;<\/p>\n","protected":false},"excerpt":{"rendered":"<p>Els nens i nenes de P4 hem treballat el pintor <a href=\"https:\/\/ca.wikipedia.org\/wiki\/Piet_Mondrian\">Piet Mondrian<\/a>. Hem descobert que la majoria dels seus quadres els feia amb colors primaris: groc, blau, vermell. Hem jugat a recrear les seves pintures a l&#8217;espai de construccions, a la taula de llum&hellip;  <a href=\"https:\/\/agora.xtec.cat\/escolalavilapalamos\/general\/fem-de-pintors-com-piet-mondrian-a-p4\/\" title=\"Read Fem de pintors com Piet Mondrian a P4\">Llegeix m\u00e9s\u00bb<\/a><\/p>\n","protected":false},"author":128,"featured_media":9235,"comment_status":"open","ping_status":"closed","sticky":false,"template":"","format":"standard","meta":{"_bbp_topic_count":0,"_bbp_reply_count":0,"_bbp_total_topic_count":0,"_bbp_total_reply_count":0,"_bbp_voice_count":0,"_bbp_anonymous_reply_count":0,"_bbp_topic_count_hidden":0,"_bbp_reply_count_hidden":0,"_bbp_forum_subforum_count":0,"footnotes":""},"categories":[2,1,4],"tags":[],"class_list":["post-9175","post","type-post","status-publish","format-standard","has-post-thumbnail","hentry","category-infantil","category-general","category-portada"],"post_mailing_queue_ids":[],"_links":{"self":[{"href":"https:\/\/agora.xtec.cat\/escolalavilapalamos\/wp-json\/wp\/v2\/posts\/9175","targetHints":{"allow":["GET"]}}],"collection":[{"href":"https:\/\/agora.xtec.cat\/escolalavilapalamos\/wp-json\/wp\/v2\/posts"}],"about":[{"href":"https:\/\/agora.xtec.cat\/escolalavilapalamos\/wp-json\/wp\/v2\/types\/post"}],"author":[{"embeddable":true,"href":"https:\/\/agora.xtec.cat\/escolalavilapalamos\/wp-json\/wp\/v2\/users\/128"}],"replies":[{"embeddable":true,"href":"https:\/\/agora.xtec.cat\/escolalavilapalamos\/wp-json\/wp\/v2\/comments?post=9175"}],"version-history":[{"count":3,"href":"https:\/\/agora.xtec.cat\/escolalavilapalamos\/wp-json\/wp\/v2\/posts\/9175\/revisions"}],"predecessor-version":[{"id":9246,"href":"https:\/\/agora.xtec.cat\/escolalavilapalamos\/wp-json\/wp\/v2\/posts\/9175\/revisions\/9246"}],"wp:featuredmedia":[{"embeddable":true,"href":"https:\/\/agora.xtec.cat\/escolalavilapalamos\/wp-json\/wp\/v2\/media\/9235"}],"wp:attachment":[{"href":"https:\/\/agora.xtec.cat\/escolalavilapalamos\/wp-json\/wp\/v2\/media?parent=9175"}],"wp:term":[{"taxonomy":"category","embeddable":true,"href":"https:\/\/agora.xtec.cat\/escolalavilapalamos\/wp-json\/wp\/v2\/categories?post=9175"},{"taxonomy":"post_tag","embeddable":true,"href":"https:\/\/agora.xtec.cat\/escolalavilapalamos\/wp-json\/wp\/v2\/tags?post=9175"}],"curies":[{"name":"wp","href":"https:\/\/api.w.org\/{rel}","templated":true}]}}