{"id":9172,"date":"2021-03-25T10:41:44","date_gmt":"2021-03-25T09:41:44","guid":{"rendered":"http:\/\/agora.xtec.cat\/escolalavilapalamos\/?p=9172"},"modified":"2021-03-26T11:35:04","modified_gmt":"2021-03-26T10:35:04","slug":"sortida-de-p4-a-palamos","status":"publish","type":"post","link":"https:\/\/agora.xtec.cat\/escolalavilapalamos\/general\/sortida-de-p4-a-palamos\/","title":{"rendered":"Sortida de P4 a Palam\u00f3s"},"content":{"rendered":"<p><a href=\"https:\/\/photos.app.goo.gl\/iMjzhLvqDTr8vTwk6\"><img loading=\"lazy\" decoding=\"async\" class=\"wp-image-9194 alignright\" src=\"https:\/\/agora.xtec.cat\/escolalavilapalamos\/wp-content\/uploads\/usu897\/2021\/03\/WhatsApp-Image-2021-03-23-at-19.43.11-2-150x150.jpeg\" alt=\"\" width=\"192\" height=\"192\" \/><\/a>Els infants de P4 hem fet una sortida pels carrers de Palam\u00f3s.<\/p>\n<p>Mentre passej\u00e0vem hem buscat lletres i n\u00fameros.<\/p>\n<p>Hem descobert que a tot arreu hi ha moltes paraules en els r\u00e8tols de les botigues, n\u00fameros a les portes de les cases, a les matr\u00edcules dels cotxes, en cartells, &#8230;<\/p>\n<p>Per \u00faltim, hem esmorzat davant de mar i hem jugat a la platja.<\/p>\n<p style=\"text-align: left;\">Ens ho passat super b\u00e9! <em>Cliqueu la imatge per veure les fotos de la sortida<\/em><\/p>\n<p>&nbsp;<\/p>\n","protected":false},"excerpt":{"rendered":"<p><a href=\"https:\/\/photos.app.goo.gl\/iMjzhLvqDTr8vTwk6\"><\/a>Els infants de P4 hem fet una sortida pels carrers de Palam\u00f3s.<br \/>\nMentre passej\u00e0vem hem buscat lletres i n\u00fameros.<br \/>\nHem descobert que a tot arreu hi ha moltes paraules en els r\u00e8tols de les botigues, n\u00fameros a les portes de les cases, a les matr\u00edcules dels&hellip;  <a href=\"https:\/\/agora.xtec.cat\/escolalavilapalamos\/general\/sortida-de-p4-a-palamos\/\" title=\"Read Sortida de P4 a Palam\u00f3s\">Llegeix m\u00e9s\u00bb<\/a><\/p>\n","protected":false},"author":128,"featured_media":9194,"comment_status":"open","ping_status":"closed","sticky":false,"template":"","format":"standard","meta":{"_bbp_topic_count":0,"_bbp_reply_count":0,"_bbp_total_topic_count":0,"_bbp_total_reply_count":0,"_bbp_voice_count":0,"_bbp_anonymous_reply_count":0,"_bbp_topic_count_hidden":0,"_bbp_reply_count_hidden":0,"_bbp_forum_subforum_count":0,"footnotes":""},"categories":[2,1,4],"tags":[],"class_list":["post-9172","post","type-post","status-publish","format-standard","has-post-thumbnail","hentry","category-infantil","category-general","category-portada"],"post_mailing_queue_ids":[],"_links":{"self":[{"href":"https:\/\/agora.xtec.cat\/escolalavilapalamos\/wp-json\/wp\/v2\/posts\/9172","targetHints":{"allow":["GET"]}}],"collection":[{"href":"https:\/\/agora.xtec.cat\/escolalavilapalamos\/wp-json\/wp\/v2\/posts"}],"about":[{"href":"https:\/\/agora.xtec.cat\/escolalavilapalamos\/wp-json\/wp\/v2\/types\/post"}],"author":[{"embeddable":true,"href":"https:\/\/agora.xtec.cat\/escolalavilapalamos\/wp-json\/wp\/v2\/users\/128"}],"replies":[{"embeddable":true,"href":"https:\/\/agora.xtec.cat\/escolalavilapalamos\/wp-json\/wp\/v2\/comments?post=9172"}],"version-history":[{"count":3,"href":"https:\/\/agora.xtec.cat\/escolalavilapalamos\/wp-json\/wp\/v2\/posts\/9172\/revisions"}],"predecessor-version":[{"id":9202,"href":"https:\/\/agora.xtec.cat\/escolalavilapalamos\/wp-json\/wp\/v2\/posts\/9172\/revisions\/9202"}],"wp:featuredmedia":[{"embeddable":true,"href":"https:\/\/agora.xtec.cat\/escolalavilapalamos\/wp-json\/wp\/v2\/media\/9194"}],"wp:attachment":[{"href":"https:\/\/agora.xtec.cat\/escolalavilapalamos\/wp-json\/wp\/v2\/media?parent=9172"}],"wp:term":[{"taxonomy":"category","embeddable":true,"href":"https:\/\/agora.xtec.cat\/escolalavilapalamos\/wp-json\/wp\/v2\/categories?post=9172"},{"taxonomy":"post_tag","embeddable":true,"href":"https:\/\/agora.xtec.cat\/escolalavilapalamos\/wp-json\/wp\/v2\/tags?post=9172"}],"curies":[{"name":"wp","href":"https:\/\/api.w.org\/{rel}","templated":true}]}}