{"id":9165,"date":"2021-03-25T10:27:17","date_gmt":"2021-03-25T09:27:17","guid":{"rendered":"http:\/\/agora.xtec.cat\/escolalavilapalamos\/?p=9165"},"modified":"2021-03-25T10:27:17","modified_gmt":"2021-03-25T09:27:17","slug":"educacio-fisica-a-4t","status":"publish","type":"post","link":"https:\/\/agora.xtec.cat\/escolalavilapalamos\/portada\/educacio-fisica-a-4t\/","title":{"rendered":"Educaci\u00f3 f\u00edsica a 4t!"},"content":{"rendered":"<p style=\"text-align: center;\"><a href=\"https:\/\/agora.xtec.cat\/escolalavilapalamos\/wp-content\/uploads\/usu897\/2021\/03\/unnamed.png\"><img loading=\"lazy\" decoding=\"async\" class=\"alignnone size-full wp-image-9168\" src=\"https:\/\/agora.xtec.cat\/escolalavilapalamos\/wp-content\/uploads\/usu897\/2021\/03\/unnamed.png\" alt=\"\" width=\"322\" height=\"157\" srcset=\"https:\/\/agora.xtec.cat\/escolalavilapalamos\/wp-content\/uploads\/usu897\/2021\/03\/unnamed.png 322w, https:\/\/agora.xtec.cat\/escolalavilapalamos\/wp-content\/uploads\/usu897\/2021\/03\/unnamed-300x146.png 300w\" sizes=\"auto, (max-width: 322px) 100vw, 322px\" \/><\/a><\/p>\n<p><span style=\"color: #444444; font-family: 'Open Sans', Arial, Helvetica, sans-serif;\">Durant aquest segon trimestre, l\u2019alumnat de 4t curs ha gaudit de sessions d\u2019educaci\u00f3 f\u00edsica. S\u2019han treballat les 4 dimensions (activitat f\u00edsica, h\u00e0bits saludables, expressi\u00f3 i comunicaci\u00f3 corporal i el joc) en la qual es divideix l\u2019\u00e0rea. <\/span><\/p>\n<p><span style=\"color: #444444; font-family: 'Open Sans', Arial, Helvetica, sans-serif;\">Clicant a la imatge trobareu un petit recull fotogr\u00e0fic del que ha estat aquest trimestre.<\/span><\/p>\n<p><a href=\"https:\/\/photos.app.goo.gl\/uhX7LgEuqTAnu3U36\"><img loading=\"lazy\" decoding=\"async\" class=\"wp-image-9167 aligncenter\" src=\"https:\/\/agora.xtec.cat\/escolalavilapalamos\/wp-content\/uploads\/usu897\/2021\/03\/IMG_20210205_115527-1024x768.jpg\" alt=\"\" width=\"374\" height=\"280\" srcset=\"https:\/\/agora.xtec.cat\/escolalavilapalamos\/wp-content\/uploads\/usu897\/2021\/03\/IMG_20210205_115527-1024x768.jpg 1024w, https:\/\/agora.xtec.cat\/escolalavilapalamos\/wp-content\/uploads\/usu897\/2021\/03\/IMG_20210205_115527-300x225.jpg 300w, https:\/\/agora.xtec.cat\/escolalavilapalamos\/wp-content\/uploads\/usu897\/2021\/03\/IMG_20210205_115527-768x576.jpg 768w, https:\/\/agora.xtec.cat\/escolalavilapalamos\/wp-content\/uploads\/usu897\/2021\/03\/IMG_20210205_115527-200x150.jpg 200w\" sizes=\"auto, (max-width: 374px) 100vw, 374px\" \/><\/a><\/p>\n","protected":false},"excerpt":{"rendered":"<p><a href=\"https:\/\/agora.xtec.cat\/escolalavilapalamos\/wp-content\/uploads\/usu897\/2021\/03\/unnamed.png\"><\/a><br \/>\nDurant aquest segon trimestre, l\u2019alumnat de 4t curs ha gaudit de sessions d\u2019educaci\u00f3 f\u00edsica. S\u2019han treballat les 4 dimensions (activitat f\u00edsica, h\u00e0bits saludables, expressi\u00f3 i comunicaci\u00f3 corporal i el joc) en la qual es divideix l\u2019\u00e0rea.<br \/>\nClicant a la imatge trobareu un petit recull&hellip;  <a href=\"https:\/\/agora.xtec.cat\/escolalavilapalamos\/portada\/educacio-fisica-a-4t\/\" title=\"Read Educaci\u00f3 f\u00edsica a 4t!\">Llegeix m\u00e9s\u00bb<\/a><\/p>\n","protected":false},"author":167,"featured_media":9167,"comment_status":"open","ping_status":"closed","sticky":false,"template":"","format":"standard","meta":{"_bbp_topic_count":0,"_bbp_reply_count":0,"_bbp_total_topic_count":0,"_bbp_total_reply_count":0,"_bbp_voice_count":0,"_bbp_anonymous_reply_count":0,"_bbp_topic_count_hidden":0,"_bbp_reply_count_hidden":0,"_bbp_forum_subforum_count":0,"footnotes":""},"categories":[128,70,67,4,5],"tags":[],"class_list":["post-9165","post","type-post","status-publish","format-standard","has-post-thumbnail","hentry","category-comunitat-de-grans","category-efi","category-especialistes","category-portada","category-primaria"],"post_mailing_queue_ids":[],"_links":{"self":[{"href":"https:\/\/agora.xtec.cat\/escolalavilapalamos\/wp-json\/wp\/v2\/posts\/9165","targetHints":{"allow":["GET"]}}],"collection":[{"href":"https:\/\/agora.xtec.cat\/escolalavilapalamos\/wp-json\/wp\/v2\/posts"}],"about":[{"href":"https:\/\/agora.xtec.cat\/escolalavilapalamos\/wp-json\/wp\/v2\/types\/post"}],"author":[{"embeddable":true,"href":"https:\/\/agora.xtec.cat\/escolalavilapalamos\/wp-json\/wp\/v2\/users\/167"}],"replies":[{"embeddable":true,"href":"https:\/\/agora.xtec.cat\/escolalavilapalamos\/wp-json\/wp\/v2\/comments?post=9165"}],"version-history":[{"count":2,"href":"https:\/\/agora.xtec.cat\/escolalavilapalamos\/wp-json\/wp\/v2\/posts\/9165\/revisions"}],"predecessor-version":[{"id":9191,"href":"https:\/\/agora.xtec.cat\/escolalavilapalamos\/wp-json\/wp\/v2\/posts\/9165\/revisions\/9191"}],"wp:featuredmedia":[{"embeddable":true,"href":"https:\/\/agora.xtec.cat\/escolalavilapalamos\/wp-json\/wp\/v2\/media\/9167"}],"wp:attachment":[{"href":"https:\/\/agora.xtec.cat\/escolalavilapalamos\/wp-json\/wp\/v2\/media?parent=9165"}],"wp:term":[{"taxonomy":"category","embeddable":true,"href":"https:\/\/agora.xtec.cat\/escolalavilapalamos\/wp-json\/wp\/v2\/categories?post=9165"},{"taxonomy":"post_tag","embeddable":true,"href":"https:\/\/agora.xtec.cat\/escolalavilapalamos\/wp-json\/wp\/v2\/tags?post=9165"}],"curies":[{"name":"wp","href":"https:\/\/api.w.org\/{rel}","templated":true}]}}