{"id":9163,"date":"2021-03-23T19:01:07","date_gmt":"2021-03-23T18:01:07","guid":{"rendered":"http:\/\/agora.xtec.cat\/escolalavilapalamos\/?p=9163"},"modified":"2021-03-23T19:01:07","modified_gmt":"2021-03-23T18:01:07","slug":"animal-habitats-a-2n","status":"publish","type":"post","link":"https:\/\/agora.xtec.cat\/escolalavilapalamos\/general\/animal-habitats-a-2n\/","title":{"rendered":"Animal habitats a 2n"},"content":{"rendered":"<p>Els nens i nenes de 2n hem treballat a trav\u00e9s dels contes del Brown Bear, Polar Bear i Panda Bear els diferents llocs on poden viure els animals. Hem apr\u00e8s a utilitzar les estructures i el vocabulari\u00a0 correctes per a explicar-ho i mentre apren\u00edem English hem fet tamb\u00e9 una mica d&#8217;artistes! Us convidem a veure el v\u00eddeo resum de l&#8217;activitat.<\/p>\n<p>&nbsp;<\/p>\n<p><iframe loading=\"lazy\" title=\"Animals 2nd grade\" width=\"500\" height=\"281\" src=\"https:\/\/www.youtube.com\/embed\/K0kvDXgrN_U?feature=oembed\" frameborder=\"0\" allow=\"accelerometer; autoplay; clipboard-write; encrypted-media; gyroscope; picture-in-picture; web-share\" referrerpolicy=\"strict-origin-when-cross-origin\" allowfullscreen><\/iframe><\/p>\n","protected":false},"excerpt":{"rendered":"<p>Els nens i nenes de 2n hem treballat a trav\u00e9s dels contes del Brown Bear, Polar Bear i Panda Bear els diferents llocs on poden viure els animals. Hem apr\u00e8s a utilitzar les estructures i el vocabulari\u00a0 correctes per a explicar-ho i mentre apren\u00edem English&hellip;  <a href=\"https:\/\/agora.xtec.cat\/escolalavilapalamos\/general\/animal-habitats-a-2n\/\" title=\"Read Animal habitats a 2n\">Llegeix m\u00e9s\u00bb<\/a><\/p>\n","protected":false},"author":24,"featured_media":0,"comment_status":"open","ping_status":"closed","sticky":false,"template":"","format":"standard","meta":{"_bbp_topic_count":0,"_bbp_reply_count":0,"_bbp_total_topic_count":0,"_bbp_total_reply_count":0,"_bbp_voice_count":0,"_bbp_anonymous_reply_count":0,"_bbp_topic_count_hidden":0,"_bbp_reply_count_hidden":0,"_bbp_forum_subforum_count":0,"footnotes":""},"categories":[127,1,4],"tags":[],"class_list":["post-9163","post","type-post","status-publish","format-standard","hentry","category-comunitat-de-mitjans","category-general","category-portada"],"post_mailing_queue_ids":[],"_links":{"self":[{"href":"https:\/\/agora.xtec.cat\/escolalavilapalamos\/wp-json\/wp\/v2\/posts\/9163","targetHints":{"allow":["GET"]}}],"collection":[{"href":"https:\/\/agora.xtec.cat\/escolalavilapalamos\/wp-json\/wp\/v2\/posts"}],"about":[{"href":"https:\/\/agora.xtec.cat\/escolalavilapalamos\/wp-json\/wp\/v2\/types\/post"}],"author":[{"embeddable":true,"href":"https:\/\/agora.xtec.cat\/escolalavilapalamos\/wp-json\/wp\/v2\/users\/24"}],"replies":[{"embeddable":true,"href":"https:\/\/agora.xtec.cat\/escolalavilapalamos\/wp-json\/wp\/v2\/comments?post=9163"}],"version-history":[{"count":1,"href":"https:\/\/agora.xtec.cat\/escolalavilapalamos\/wp-json\/wp\/v2\/posts\/9163\/revisions"}],"predecessor-version":[{"id":9164,"href":"https:\/\/agora.xtec.cat\/escolalavilapalamos\/wp-json\/wp\/v2\/posts\/9163\/revisions\/9164"}],"wp:attachment":[{"href":"https:\/\/agora.xtec.cat\/escolalavilapalamos\/wp-json\/wp\/v2\/media?parent=9163"}],"wp:term":[{"taxonomy":"category","embeddable":true,"href":"https:\/\/agora.xtec.cat\/escolalavilapalamos\/wp-json\/wp\/v2\/categories?post=9163"},{"taxonomy":"post_tag","embeddable":true,"href":"https:\/\/agora.xtec.cat\/escolalavilapalamos\/wp-json\/wp\/v2\/tags?post=9163"}],"curies":[{"name":"wp","href":"https:\/\/api.w.org\/{rel}","templated":true}]}}