{"id":9141,"date":"2021-03-17T11:41:38","date_gmt":"2021-03-17T10:41:38","guid":{"rendered":"http:\/\/agora.xtec.cat\/escolalavilapalamos\/?p=9141"},"modified":"2021-03-19T11:49:25","modified_gmt":"2021-03-19T10:49:25","slug":"com-treballem-les-matematiques-a-lescola","status":"publish","type":"post","link":"https:\/\/agora.xtec.cat\/escolalavilapalamos\/general\/com-treballem-les-matematiques-a-lescola\/","title":{"rendered":"Com treballem les matem\u00e0tiques a l&#8217;escola ?"},"content":{"rendered":"<p>Xerrada d&#8217;Innovamat sobre les matem\u00e0tiques <strong>dijous 18 de mar\u00e7 a les 18:20h<a href=\"https:\/\/agora.xtec.cat\/escolalavilapalamos\/wp-content\/uploads\/usu897\/2021\/03\/formaciones-420x225.png\"><img loading=\"lazy\" decoding=\"async\" class=\"alignleft size-medium wp-image-9142\" src=\"https:\/\/agora.xtec.cat\/escolalavilapalamos\/wp-content\/uploads\/usu897\/2021\/03\/formaciones-420x225-300x161.png\" alt=\"\" width=\"300\" height=\"161\" srcset=\"https:\/\/agora.xtec.cat\/escolalavilapalamos\/wp-content\/uploads\/usu897\/2021\/03\/formaciones-420x225-300x161.png 300w, https:\/\/agora.xtec.cat\/escolalavilapalamos\/wp-content\/uploads\/usu897\/2021\/03\/formaciones-420x225.png 420w\" sizes=\"auto, (max-width: 300px) 100vw, 300px\" \/><\/a><\/strong><\/p>\n<p>Aquest \u00e9s l\u2019enlla\u00e7 per poder accedir dem\u00e0 a la videoconfer\u00e8ncia d\u2019Innovamat a les 18:20h de la tarda. <a href=\"https:\/\/meet.google.com\/fup-pzbd-snr\">https:\/\/meet.google.com\/fup-pzbd-snr<\/a> Recupereu la Xerrada a trav\u00e9s d&#8217;<a href=\"https:\/\/drive.google.com\/file\/d\/1xzBr9mot9hOQ22o8ArRMA0E58DsHrjZ_\/view?usp=sharing\">aquest enlla\u00e7<\/a><\/p>\n<p>Us fem arribar tamb\u00e9 <a href=\"https:\/\/www.bmath.app\/ca\/videotutorials\/?utm_source=Escoles+i+Mestres+Clients+2020-21&amp;utm_campaign=353800f88c-EMAIL_CAMPAIGN_2020_01_20_09_25_COPY_02&amp;utm_medium=email&amp;utm_term=0_d19e35781e-353800f88c-198879716\">aquest enlla\u00e7<\/a> on podreu veure videotutorials on es repassen les principals estrat\u00e8gies de numeraci\u00f3 i c\u00e0lcul que desenvolupem al llarg de tota l\u2019etapa de prim\u00e0ria.<\/p>\n<p>&nbsp;<\/p>\n","protected":false},"excerpt":{"rendered":"<p>Xerrada d&#8217;Innovamat sobre les matem\u00e0tiques dijous 18 de mar\u00e7 a les 18:20h<a href=\"https:\/\/agora.xtec.cat\/escolalavilapalamos\/wp-content\/uploads\/usu897\/2021\/03\/formaciones-420x225.png\"><\/a><br \/>\nAquest \u00e9s l\u2019enlla\u00e7 per poder accedir dem\u00e0 a la videoconfer\u00e8ncia d\u2019Innovamat a les 18:20h de la tarda. <a href=\"https:\/\/meet.google.com\/fup-pzbd-snr\">https:\/\/meet.google.com\/fup-pzbd-snr<\/a> Recupereu la Xerrada a trav\u00e9s d&#8217;<a href=\"https:\/\/drive.google.com\/file\/d\/1xzBr9mot9hOQ22o8ArRMA0E58DsHrjZ_\/view?usp=sharing\">aquest enlla\u00e7<\/a><br \/>\nUs fem arribar tamb\u00e9 <a href=\"https:\/\/www.bmath.app\/ca\/videotutorials\/?utm_source=Escoles+i+Mestres+Clients+2020-21&amp;utm_campaign=353800f88c-EMAIL_CAMPAIGN_2020_01_20_09_25_COPY_02&amp;utm_medium=email&amp;utm_term=0_d19e35781e-353800f88c-198879716\">aquest enlla\u00e7<\/a>&hellip;  <a href=\"https:\/\/agora.xtec.cat\/escolalavilapalamos\/general\/com-treballem-les-matematiques-a-lescola\/\" title=\"Read Com treballem les matem\u00e0tiques a l&#8217;escola ?\">Llegeix m\u00e9s\u00bb<\/a><\/p>\n","protected":false},"author":1,"featured_media":9142,"comment_status":"open","ping_status":"closed","sticky":false,"template":"","format":"standard","meta":{"_bbp_topic_count":0,"_bbp_reply_count":0,"_bbp_total_topic_count":0,"_bbp_total_reply_count":0,"_bbp_voice_count":0,"_bbp_anonymous_reply_count":0,"_bbp_topic_count_hidden":0,"_bbp_reply_count_hidden":0,"_bbp_forum_subforum_count":0,"footnotes":""},"categories":[128,127,1,4],"tags":[],"class_list":["post-9141","post","type-post","status-publish","format-standard","has-post-thumbnail","hentry","category-comunitat-de-grans","category-comunitat-de-mitjans","category-general","category-portada"],"post_mailing_queue_ids":[],"_links":{"self":[{"href":"https:\/\/agora.xtec.cat\/escolalavilapalamos\/wp-json\/wp\/v2\/posts\/9141","targetHints":{"allow":["GET"]}}],"collection":[{"href":"https:\/\/agora.xtec.cat\/escolalavilapalamos\/wp-json\/wp\/v2\/posts"}],"about":[{"href":"https:\/\/agora.xtec.cat\/escolalavilapalamos\/wp-json\/wp\/v2\/types\/post"}],"author":[{"embeddable":true,"href":"https:\/\/agora.xtec.cat\/escolalavilapalamos\/wp-json\/wp\/v2\/users\/1"}],"replies":[{"embeddable":true,"href":"https:\/\/agora.xtec.cat\/escolalavilapalamos\/wp-json\/wp\/v2\/comments?post=9141"}],"version-history":[{"count":2,"href":"https:\/\/agora.xtec.cat\/escolalavilapalamos\/wp-json\/wp\/v2\/posts\/9141\/revisions"}],"predecessor-version":[{"id":9158,"href":"https:\/\/agora.xtec.cat\/escolalavilapalamos\/wp-json\/wp\/v2\/posts\/9141\/revisions\/9158"}],"wp:featuredmedia":[{"embeddable":true,"href":"https:\/\/agora.xtec.cat\/escolalavilapalamos\/wp-json\/wp\/v2\/media\/9142"}],"wp:attachment":[{"href":"https:\/\/agora.xtec.cat\/escolalavilapalamos\/wp-json\/wp\/v2\/media?parent=9141"}],"wp:term":[{"taxonomy":"category","embeddable":true,"href":"https:\/\/agora.xtec.cat\/escolalavilapalamos\/wp-json\/wp\/v2\/categories?post=9141"},{"taxonomy":"post_tag","embeddable":true,"href":"https:\/\/agora.xtec.cat\/escolalavilapalamos\/wp-json\/wp\/v2\/tags?post=9141"}],"curies":[{"name":"wp","href":"https:\/\/api.w.org\/{rel}","templated":true}]}}