{"id":9138,"date":"2021-03-19T11:06:18","date_gmt":"2021-03-19T10:06:18","guid":{"rendered":"http:\/\/agora.xtec.cat\/escolalavilapalamos\/?p=9138"},"modified":"2021-03-23T19:03:26","modified_gmt":"2021-03-23T18:03:26","slug":"cacadors-de-diamants-a-4t","status":"publish","type":"post","link":"https:\/\/agora.xtec.cat\/escolalavilapalamos\/portada\/cacadors-de-diamants-a-4t\/","title":{"rendered":"Ca\u00e7adors de diamants a 4t"},"content":{"rendered":"<p style=\"text-align: center;\"><a href=\"https:\/\/agora.xtec.cat\/escolalavilapalamos\/wp-content\/uploads\/usu897\/2021\/03\/Joc_Complert-700x700.jpg\"><img loading=\"lazy\" decoding=\"async\" class=\"wp-image-9139 alignleft\" src=\"https:\/\/agora.xtec.cat\/escolalavilapalamos\/wp-content\/uploads\/usu897\/2021\/03\/Joc_Complert-700x700.jpg\" alt=\"\" width=\"312\" height=\"312\" srcset=\"https:\/\/agora.xtec.cat\/escolalavilapalamos\/wp-content\/uploads\/usu897\/2021\/03\/Joc_Complert-700x700.jpg 700w, https:\/\/agora.xtec.cat\/escolalavilapalamos\/wp-content\/uploads\/usu897\/2021\/03\/Joc_Complert-700x700-150x150.jpg 150w, https:\/\/agora.xtec.cat\/escolalavilapalamos\/wp-content\/uploads\/usu897\/2021\/03\/Joc_Complert-700x700-300x300.jpg 300w\" sizes=\"auto, (max-width: 312px) 100vw, 312px\" \/><\/a>Aquest trimestre hem finalitzat les classes d&#8217;educaci\u00f3 f\u00edsica realitzant un joc de taula que es diu <strong>Ca\u00e7adors de Diamants<\/strong>. Aquest joc ha servit per potenciar el treball cooperatiu a trav\u00e9s de reptes d&#8217;educaci\u00f3 f\u00edsica. L&#8217;alumnat de 4t s&#8217;ha endinsat en una divertida hist\u00f2ria durant dues setmanes on han treballat de valent per arribar a un objectiu com\u00fa. Cada grup ha gaudit i ha jugat tot potenciant el treball en equip i el respecte envers als altres i ho han fet genial. Enhorabona ca\u00e7adors i ca\u00e7adores!<\/p>\n<p>Clicant sobre la imatge podreu visualitzar fotografies d&#8217;aquestes sessions.<\/p>\n<p style=\"text-align: center;\"><a href=\"https:\/\/photos.app.goo.gl\/MPQgba3Sh9GC3pF78\"><img loading=\"lazy\" decoding=\"async\" class=\"alignnone wp-image-9150\" src=\"https:\/\/agora.xtec.cat\/escolalavilapalamos\/wp-content\/uploads\/usu897\/2021\/03\/IMG_20210318_154336-1024x768.jpg\" alt=\"\" width=\"327\" height=\"245\" srcset=\"https:\/\/agora.xtec.cat\/escolalavilapalamos\/wp-content\/uploads\/usu897\/2021\/03\/IMG_20210318_154336-1024x768.jpg 1024w, https:\/\/agora.xtec.cat\/escolalavilapalamos\/wp-content\/uploads\/usu897\/2021\/03\/IMG_20210318_154336-300x225.jpg 300w, https:\/\/agora.xtec.cat\/escolalavilapalamos\/wp-content\/uploads\/usu897\/2021\/03\/IMG_20210318_154336-768x576.jpg 768w, https:\/\/agora.xtec.cat\/escolalavilapalamos\/wp-content\/uploads\/usu897\/2021\/03\/IMG_20210318_154336-200x150.jpg 200w\" sizes=\"auto, (max-width: 327px) 100vw, 327px\" \/><\/a><\/p>\n","protected":false},"excerpt":{"rendered":"<p><a href=\"https:\/\/agora.xtec.cat\/escolalavilapalamos\/wp-content\/uploads\/usu897\/2021\/03\/Joc_Complert-700x700.jpg\"><\/a>Aquest trimestre hem finalitzat les classes d&#8217;educaci\u00f3 f\u00edsica realitzant un joc de taula que es diu Ca\u00e7adors de Diamants. Aquest joc ha servit per potenciar el treball cooperatiu a trav\u00e9s de reptes d&#8217;educaci\u00f3 f\u00edsica. L&#8217;alumnat de 4t s&#8217;ha endinsat en una divertida hist\u00f2ria durant&hellip;  <a href=\"https:\/\/agora.xtec.cat\/escolalavilapalamos\/portada\/cacadors-de-diamants-a-4t\/\" title=\"Read Ca\u00e7adors de diamants a 4t\">Llegeix m\u00e9s\u00bb<\/a><\/p>\n","protected":false},"author":167,"featured_media":9150,"comment_status":"open","ping_status":"closed","sticky":false,"template":"","format":"standard","meta":{"_bbp_topic_count":0,"_bbp_reply_count":0,"_bbp_total_topic_count":0,"_bbp_total_reply_count":0,"_bbp_voice_count":0,"_bbp_anonymous_reply_count":0,"_bbp_topic_count_hidden":0,"_bbp_reply_count_hidden":0,"_bbp_forum_subforum_count":0,"footnotes":""},"categories":[128,70,67,4,5],"tags":[],"class_list":["post-9138","post","type-post","status-publish","format-standard","has-post-thumbnail","hentry","category-comunitat-de-grans","category-efi","category-especialistes","category-portada","category-primaria"],"post_mailing_queue_ids":[],"_links":{"self":[{"href":"https:\/\/agora.xtec.cat\/escolalavilapalamos\/wp-json\/wp\/v2\/posts\/9138","targetHints":{"allow":["GET"]}}],"collection":[{"href":"https:\/\/agora.xtec.cat\/escolalavilapalamos\/wp-json\/wp\/v2\/posts"}],"about":[{"href":"https:\/\/agora.xtec.cat\/escolalavilapalamos\/wp-json\/wp\/v2\/types\/post"}],"author":[{"embeddable":true,"href":"https:\/\/agora.xtec.cat\/escolalavilapalamos\/wp-json\/wp\/v2\/users\/167"}],"replies":[{"embeddable":true,"href":"https:\/\/agora.xtec.cat\/escolalavilapalamos\/wp-json\/wp\/v2\/comments?post=9138"}],"version-history":[{"count":3,"href":"https:\/\/agora.xtec.cat\/escolalavilapalamos\/wp-json\/wp\/v2\/posts\/9138\/revisions"}],"predecessor-version":[{"id":9154,"href":"https:\/\/agora.xtec.cat\/escolalavilapalamos\/wp-json\/wp\/v2\/posts\/9138\/revisions\/9154"}],"wp:featuredmedia":[{"embeddable":true,"href":"https:\/\/agora.xtec.cat\/escolalavilapalamos\/wp-json\/wp\/v2\/media\/9150"}],"wp:attachment":[{"href":"https:\/\/agora.xtec.cat\/escolalavilapalamos\/wp-json\/wp\/v2\/media?parent=9138"}],"wp:term":[{"taxonomy":"category","embeddable":true,"href":"https:\/\/agora.xtec.cat\/escolalavilapalamos\/wp-json\/wp\/v2\/categories?post=9138"},{"taxonomy":"post_tag","embeddable":true,"href":"https:\/\/agora.xtec.cat\/escolalavilapalamos\/wp-json\/wp\/v2\/tags?post=9138"}],"curies":[{"name":"wp","href":"https:\/\/api.w.org\/{rel}","templated":true}]}}