{"id":9136,"date":"2021-03-25T10:37:27","date_gmt":"2021-03-25T09:37:27","guid":{"rendered":"http:\/\/agora.xtec.cat\/escolalavilapalamos\/?p=9136"},"modified":"2021-03-25T10:37:27","modified_gmt":"2021-03-25T09:37:27","slug":"a-5e-hem-fet-escalada","status":"publish","type":"post","link":"https:\/\/agora.xtec.cat\/escolalavilapalamos\/portada\/a-5e-hem-fet-escalada\/","title":{"rendered":"A 5\u00e8 hem fet escalada!"},"content":{"rendered":"<p><a href=\"https:\/\/photos.app.goo.gl\/5Brg9nLphrgD3kYz9\"><img loading=\"lazy\" decoding=\"async\" class=\"wp-image-9177 alignright\" src=\"https:\/\/agora.xtec.cat\/escolalavilapalamos\/wp-content\/uploads\/usu897\/2021\/03\/IMG_20210322_093136-1024x768.jpg\" alt=\"\" width=\"390\" height=\"292\" srcset=\"https:\/\/agora.xtec.cat\/escolalavilapalamos\/wp-content\/uploads\/usu897\/2021\/03\/IMG_20210322_093136-1024x768.jpg 1024w, https:\/\/agora.xtec.cat\/escolalavilapalamos\/wp-content\/uploads\/usu897\/2021\/03\/IMG_20210322_093136-300x225.jpg 300w, https:\/\/agora.xtec.cat\/escolalavilapalamos\/wp-content\/uploads\/usu897\/2021\/03\/IMG_20210322_093136-768x576.jpg 768w, https:\/\/agora.xtec.cat\/escolalavilapalamos\/wp-content\/uploads\/usu897\/2021\/03\/IMG_20210322_093136-200x150.jpg 200w\" sizes=\"auto, (max-width: 390px) 100vw, 390px\" \/><\/a>Aquest trimestre l&#8217;hem finalitzat realitzant una activitat emocionant i molt motivant. Despr\u00e9s de fer una introducci\u00f3 en aquest esport a trav\u00e9s d&#8217;una presentaci\u00f3 on ens van ensenyar que era l&#8217;escalada, els tipus d&#8217;escalada, el material necessari, etc&#8230; vam realitzar una sessi\u00f3 pr\u00e0ctica a la nau dels 50 metres de Palam\u00f3s. All\u00e0 vam passar un divertit mat\u00ed practicant escalada esportiva i tamb\u00e9 la pr\u00e0ctica del Boulder.<\/p>\n<p>Clicant sobre la imatge podreu visualitzar fotografies d&#8217;aquesta experi\u00e8ncia.<\/p>\n<p style=\"text-align: center;\">\n","protected":false},"excerpt":{"rendered":"<p><a href=\"https:\/\/photos.app.goo.gl\/5Brg9nLphrgD3kYz9\"><\/a>Aquest trimestre l&#8217;hem finalitzat realitzant una activitat emocionant i molt motivant. Despr\u00e9s de fer una introducci\u00f3 en aquest esport a trav\u00e9s d&#8217;una presentaci\u00f3 on ens van ensenyar que era l&#8217;escalada, els tipus d&#8217;escalada, el material necessari, etc&#8230; vam realitzar una sessi\u00f3 pr\u00e0ctica a la&hellip;  <a href=\"https:\/\/agora.xtec.cat\/escolalavilapalamos\/portada\/a-5e-hem-fet-escalada\/\" title=\"Read A 5\u00e8 hem fet escalada!\">Llegeix m\u00e9s\u00bb<\/a><\/p>\n","protected":false},"author":167,"featured_media":9177,"comment_status":"open","ping_status":"closed","sticky":false,"template":"","format":"standard","meta":{"_bbp_topic_count":0,"_bbp_reply_count":0,"_bbp_total_topic_count":0,"_bbp_total_reply_count":0,"_bbp_voice_count":0,"_bbp_anonymous_reply_count":0,"_bbp_topic_count_hidden":0,"_bbp_reply_count_hidden":0,"_bbp_forum_subforum_count":0,"footnotes":""},"categories":[128,70,67,4,5],"tags":[],"class_list":["post-9136","post","type-post","status-publish","format-standard","has-post-thumbnail","hentry","category-comunitat-de-grans","category-efi","category-especialistes","category-portada","category-primaria"],"post_mailing_queue_ids":[],"_links":{"self":[{"href":"https:\/\/agora.xtec.cat\/escolalavilapalamos\/wp-json\/wp\/v2\/posts\/9136","targetHints":{"allow":["GET"]}}],"collection":[{"href":"https:\/\/agora.xtec.cat\/escolalavilapalamos\/wp-json\/wp\/v2\/posts"}],"about":[{"href":"https:\/\/agora.xtec.cat\/escolalavilapalamos\/wp-json\/wp\/v2\/types\/post"}],"author":[{"embeddable":true,"href":"https:\/\/agora.xtec.cat\/escolalavilapalamos\/wp-json\/wp\/v2\/users\/167"}],"replies":[{"embeddable":true,"href":"https:\/\/agora.xtec.cat\/escolalavilapalamos\/wp-json\/wp\/v2\/comments?post=9136"}],"version-history":[{"count":3,"href":"https:\/\/agora.xtec.cat\/escolalavilapalamos\/wp-json\/wp\/v2\/posts\/9136\/revisions"}],"predecessor-version":[{"id":9192,"href":"https:\/\/agora.xtec.cat\/escolalavilapalamos\/wp-json\/wp\/v2\/posts\/9136\/revisions\/9192"}],"wp:featuredmedia":[{"embeddable":true,"href":"https:\/\/agora.xtec.cat\/escolalavilapalamos\/wp-json\/wp\/v2\/media\/9177"}],"wp:attachment":[{"href":"https:\/\/agora.xtec.cat\/escolalavilapalamos\/wp-json\/wp\/v2\/media?parent=9136"}],"wp:term":[{"taxonomy":"category","embeddable":true,"href":"https:\/\/agora.xtec.cat\/escolalavilapalamos\/wp-json\/wp\/v2\/categories?post=9136"},{"taxonomy":"post_tag","embeddable":true,"href":"https:\/\/agora.xtec.cat\/escolalavilapalamos\/wp-json\/wp\/v2\/tags?post=9136"}],"curies":[{"name":"wp","href":"https:\/\/api.w.org\/{rel}","templated":true}]}}