{"id":9120,"date":"2021-03-05T09:10:09","date_gmt":"2021-03-05T08:10:09","guid":{"rendered":"http:\/\/agora.xtec.cat\/escolalavilapalamos\/?p=9120"},"modified":"2021-03-15T09:11:42","modified_gmt":"2021-03-15T08:11:42","slug":"portes-obertes-a-lescola-la-vila-2","status":"publish","type":"post","link":"https:\/\/agora.xtec.cat\/escolalavilapalamos\/general\/portes-obertes-a-lescola-la-vila-2\/","title":{"rendered":"Portes obertes a l&#8217;escola La Vila"},"content":{"rendered":"<h4>Dissabte 13 de mar\u00e7 de 9:30 a 12:30h amb cita pr\u00e8via.<\/h4>\n<p>Amb l\u2019objectiu de <strong>donar con<\/strong><strong>\u00e8<\/strong><strong>ixer el nostre centre i el projecte educatiu de l&#8217;escola<\/strong><\/p>\n<p><iframe loading=\"lazy\" src=\"\/\/www.youtube.com\/embed\/U-e391zv_5Y\" width=\"560\" height=\"314\" data-mce-fragment=\"1\"><\/iframe><\/p>\n<p><strong>L\u2019escola La Vila \u00e9s l\u2019escola de tots i totes.<\/strong> Fem de les difer\u00e8ncies una oportunitat d\u2019aprenentatge. Pensem que l\u2019acompanyament emocional \u00e9s b\u00e0sic, escoltem als alumnes i creiem en ells. Els infants s\u00f3n sempre el centre de totes les propostes, conscients de la realitat que viu cada un d\u2019ells, el seu entorn, les seves capacitats i els seus interessos.<a href=\"https:\/\/agora.xtec.cat\/escolalavilapalamos\/wp-content\/uploads\/usu897\/2021\/02\/portesobertes.jpg\"><img loading=\"lazy\" decoding=\"async\" class=\" wp-image-9010 alignright\" src=\"https:\/\/agora.xtec.cat\/escolalavilapalamos\/wp-content\/uploads\/usu897\/2021\/02\/portesobertes-212x300.jpg\" alt=\"\" width=\"387\" height=\"547\" srcset=\"https:\/\/agora.xtec.cat\/escolalavilapalamos\/wp-content\/uploads\/usu897\/2021\/02\/portesobertes-212x300.jpg 212w, https:\/\/agora.xtec.cat\/escolalavilapalamos\/wp-content\/uploads\/usu897\/2021\/02\/portesobertes.jpg 639w\" sizes=\"auto, (max-width: 387px) 100vw, 387px\" \/><\/a><\/p>\n<p>Som conscients dels canvis de futur que s\u2019intueixen i per tant potenciem habilitats que creiem que seran indispensables pels nostres infants: la flexibilitat<b>, <\/b>la creativitat<b>, <\/b>la resili\u00e8ncia i les compet\u00e8ncies emocionals<b> .<\/b><\/p>\n<p>El nostre prop\u00f2sit \u00e9s acompanyar a tots els nens i nenes a desenvolupar aquestes compet\u00e8ncies que els preparin per poder viure amb garanties en un m\u00f3n complex i canviant. L\u2019escola La Vila vol avan\u00e7ar cada vegada m\u00e9s cap a un<b> treball globalitzat i\u00a0 comprom\u00e8s amb l\u2019entorn.<\/b><\/p>\n<p>L\u2019escola est\u00e0 organitzada en tres comunitats:<b> petits<\/b> (P3-P4 i P5) , <b>mitjans<\/b> (1r, 2n i 3r) i <b>grans<\/b> (4t, 5\u00e8 i 6\u00e8). A cada comunitat hi ha un grup de mestres que <b>treballa en equip i comparteix<\/b> els seus coneixements i habilitats per enriquir al grup.<\/p>\n<p><iframe loading=\"lazy\" src=\"\/\/www.youtube.com\/embed\/iOYtYsUboKw\" width=\"560\" height=\"314\" data-mce-fragment=\"1\"><\/iframe><\/p>\n<p>Ara podeu clicar a cadascuna de les comunitats per con\u00e8ixer m\u00e9s b\u00e9 com treballem i on podreu veure els ambients i espais d&#8217;aprenentatge que es duen a terme a l\u2019escola.<strong>\u00a0<\/strong><a href=\"https:\/\/agora.xtec.cat\/escolalavilapalamos\/categoria\/infantil\/\"><img loading=\"lazy\" decoding=\"async\" class=\" wp-image-7638 aligncenter\" src=\"https:\/\/agora.xtec.cat\/escolalavilapalamos\/wp-content\/uploads\/usu897\/2020\/03\/icona1.jpg\" alt=\"\" width=\"329\" height=\"103\" srcset=\"https:\/\/agora.xtec.cat\/escolalavilapalamos\/wp-content\/uploads\/usu897\/2020\/03\/icona1.jpg 345w, https:\/\/agora.xtec.cat\/escolalavilapalamos\/wp-content\/uploads\/usu897\/2020\/03\/icona1-300x94.jpg 300w\" sizes=\"auto, (max-width: 329px) 100vw, 329px\" \/><\/a><a href=\"https:\/\/agora.xtec.cat\/escolalavilapalamos\/categoria\/comunitat-de-mitjans\/\"><img loading=\"lazy\" decoding=\"async\" class=\" wp-image-7639 aligncenter\" src=\"https:\/\/agora.xtec.cat\/escolalavilapalamos\/wp-content\/uploads\/usu897\/2020\/03\/icona2.jpg\" alt=\"\" width=\"328\" height=\"102\" srcset=\"https:\/\/agora.xtec.cat\/escolalavilapalamos\/wp-content\/uploads\/usu897\/2020\/03\/icona2.jpg 334w, https:\/\/agora.xtec.cat\/escolalavilapalamos\/wp-content\/uploads\/usu897\/2020\/03\/icona2-300x93.jpg 300w\" sizes=\"auto, (max-width: 328px) 100vw, 328px\" \/><\/a><a href=\"https:\/\/agora.xtec.cat\/escolalavilapalamos\/categoria\/comunitat-de-grans\/\"><img loading=\"lazy\" decoding=\"async\" class=\" wp-image-7640 aligncenter\" src=\"https:\/\/agora.xtec.cat\/escolalavilapalamos\/wp-content\/uploads\/usu897\/2020\/03\/icona3.jpg\" alt=\"\" width=\"329\" height=\"104\" srcset=\"https:\/\/agora.xtec.cat\/escolalavilapalamos\/wp-content\/uploads\/usu897\/2020\/03\/icona3.jpg 332w, https:\/\/agora.xtec.cat\/escolalavilapalamos\/wp-content\/uploads\/usu897\/2020\/03\/icona3-300x95.jpg 300w\" sizes=\"auto, (max-width: 329px) 100vw, 329px\" \/><\/a><a href=\"https:\/\/agora.xtec.cat\/escolalavilapalamos\/categoria\/general\/\"><img loading=\"lazy\" decoding=\"async\" class=\"size-full wp-image-7641 aligncenter\" src=\"https:\/\/agora.xtec.cat\/escolalavilapalamos\/wp-content\/uploads\/usu897\/2020\/03\/icona4.jpg\" alt=\"\" width=\"339\" height=\"98\" srcset=\"https:\/\/agora.xtec.cat\/escolalavilapalamos\/wp-content\/uploads\/usu897\/2020\/03\/icona4.jpg 339w, https:\/\/agora.xtec.cat\/escolalavilapalamos\/wp-content\/uploads\/usu897\/2020\/03\/icona4-300x87.jpg 300w\" sizes=\"auto, (max-width: 339px) 100vw, 339px\" \/><\/a>Tota la informaci\u00f3 de la preinscripci\u00f3 2021-22 la trobareu aqu\u00ed: <a href=\"https:\/\/preinscripcio.gencat.cat\/ca\/inici\/\">https:\/\/preinscripcio.gencat.cat\/ca\/inici\/<\/a><\/p>\n<p>Segueix el dia a dia de l\u2019escola des dels nostres canals: <a href=\"https:\/\/www.youtube.com\/results?search_query=escola+la++vila\">youtube<\/a>, <a href=\"https:\/\/www.facebook.com\/escola.lavilapalamos\">facebook<\/a>, <a href=\"https:\/\/twitter.com\/EscolalaVila\">twitter<\/a>, <a href=\"https:\/\/www.instagram.com\/escolalavila\/\">instagram<\/a><\/p>\n","protected":false},"excerpt":{"rendered":"<p>Dissabte 13 de mar\u00e7 de 9:30 a 12:30h amb cita pr\u00e8via.<br \/>\nAmb l\u2019objectiu de donar con\u00e8ixer el nostre centre i el projecte educatiu de l&#8217;escola<\/p>\n<p>L\u2019escola La Vila \u00e9s l\u2019escola de tots i totes. Fem de les difer\u00e8ncies una oportunitat d\u2019aprenentatge. Pensem que l\u2019acompanyament emocional \u00e9s b\u00e0sic,&hellip;  <a href=\"https:\/\/agora.xtec.cat\/escolalavilapalamos\/general\/portes-obertes-a-lescola-la-vila-2\/\" title=\"Read Portes obertes a l&#8217;escola La Vila\">Llegeix m\u00e9s\u00bb<\/a><\/p>\n","protected":false},"author":1,"featured_media":9010,"comment_status":"open","ping_status":"closed","sticky":false,"template":"","format":"standard","meta":{"_bbp_topic_count":0,"_bbp_reply_count":0,"_bbp_total_topic_count":0,"_bbp_total_reply_count":0,"_bbp_voice_count":0,"_bbp_anonymous_reply_count":0,"_bbp_topic_count_hidden":0,"_bbp_reply_count_hidden":0,"_bbp_forum_subforum_count":0,"footnotes":""},"categories":[1,4],"tags":[],"class_list":["post-9120","post","type-post","status-publish","format-standard","has-post-thumbnail","hentry","category-general","category-portada"],"post_mailing_queue_ids":[],"_links":{"self":[{"href":"https:\/\/agora.xtec.cat\/escolalavilapalamos\/wp-json\/wp\/v2\/posts\/9120","targetHints":{"allow":["GET"]}}],"collection":[{"href":"https:\/\/agora.xtec.cat\/escolalavilapalamos\/wp-json\/wp\/v2\/posts"}],"about":[{"href":"https:\/\/agora.xtec.cat\/escolalavilapalamos\/wp-json\/wp\/v2\/types\/post"}],"author":[{"embeddable":true,"href":"https:\/\/agora.xtec.cat\/escolalavilapalamos\/wp-json\/wp\/v2\/users\/1"}],"replies":[{"embeddable":true,"href":"https:\/\/agora.xtec.cat\/escolalavilapalamos\/wp-json\/wp\/v2\/comments?post=9120"}],"version-history":[{"count":1,"href":"https:\/\/agora.xtec.cat\/escolalavilapalamos\/wp-json\/wp\/v2\/posts\/9120\/revisions"}],"predecessor-version":[{"id":9121,"href":"https:\/\/agora.xtec.cat\/escolalavilapalamos\/wp-json\/wp\/v2\/posts\/9120\/revisions\/9121"}],"wp:featuredmedia":[{"embeddable":true,"href":"https:\/\/agora.xtec.cat\/escolalavilapalamos\/wp-json\/wp\/v2\/media\/9010"}],"wp:attachment":[{"href":"https:\/\/agora.xtec.cat\/escolalavilapalamos\/wp-json\/wp\/v2\/media?parent=9120"}],"wp:term":[{"taxonomy":"category","embeddable":true,"href":"https:\/\/agora.xtec.cat\/escolalavilapalamos\/wp-json\/wp\/v2\/categories?post=9120"},{"taxonomy":"post_tag","embeddable":true,"href":"https:\/\/agora.xtec.cat\/escolalavilapalamos\/wp-json\/wp\/v2\/tags?post=9120"}],"curies":[{"name":"wp","href":"https:\/\/api.w.org\/{rel}","templated":true}]}}