{"id":9099,"date":"2021-03-15T09:41:52","date_gmt":"2021-03-15T08:41:52","guid":{"rendered":"http:\/\/agora.xtec.cat\/escolalavilapalamos\/?p=9099"},"modified":"2021-03-15T09:51:35","modified_gmt":"2021-03-15T08:51:35","slug":"treball-globalitzat-5e-les-eleccions","status":"publish","type":"post","link":"https:\/\/agora.xtec.cat\/escolalavilapalamos\/general\/treball-globalitzat-5e-les-eleccions\/","title":{"rendered":"Treball Globalitzat 5\u00e8: Les eleccions"},"content":{"rendered":"<p style=\"text-align: left;\">A treball globalitzat vam realitzar el projecte eleccions, aprofitant que es van celebrar<a href=\"https:\/\/photos.app.goo.gl\/JMnH7oTCg9XJJb6s5\"><img loading=\"lazy\" decoding=\"async\" class=\"wp-image-9110 alignright\" src=\"https:\/\/agora.xtec.cat\/escolalavilapalamos\/wp-content\/uploads\/usu897\/2021\/03\/jordi-300x200.png\" alt=\"\" width=\"377\" height=\"251\" srcset=\"https:\/\/agora.xtec.cat\/escolalavilapalamos\/wp-content\/uploads\/usu897\/2021\/03\/jordi-300x200.png 300w, https:\/\/agora.xtec.cat\/escolalavilapalamos\/wp-content\/uploads\/usu897\/2021\/03\/jordi-768x513.png 768w, https:\/\/agora.xtec.cat\/escolalavilapalamos\/wp-content\/uploads\/usu897\/2021\/03\/jordi-1024x684.png 1024w, https:\/\/agora.xtec.cat\/escolalavilapalamos\/wp-content\/uploads\/usu897\/2021\/03\/jordi.png 1083w\" sizes=\"auto, (max-width: 377px) 100vw, 377px\" \/><\/a><br \/>\nles eleccions al parlament de Catalunya del 14 de febrer. Aix\u00ed, vam treballar com<br \/>\nfunciona el sistema de govern, des de l\u2019\u00e0mbit general fins a l\u2019\u00e0mbit local. Fins i tot vam<br \/>\nrecrear unes eleccions per escollir \u201calcalde\u201d o \u201calcaldessa\u201d de la classe. Les valoracions<br \/>\ndels alumnes van ser molt positives, ja que no coneixien gaires aspectes sobre la pol\u00edtica<br \/>\ni ara han pogut con\u00e8ixer de primera m\u00e0 diferents temes, com per exemple, qu\u00e8 \u00e9s un<br \/>\nesc\u00f3.<\/p>\n<p>Clica la <a href=\"https:\/\/photos.app.goo.gl\/JMnH7oTCg9XJJb6s5\">imatge<\/a> per veure la galeria de fotografies:<\/p>\n","protected":false},"excerpt":{"rendered":"<p>A treball globalitzat vam realitzar el projecte eleccions, aprofitant que es van celebrar<a href=\"https:\/\/photos.app.goo.gl\/JMnH7oTCg9XJJb6s5\"><\/a><br \/>\nles eleccions al parlament de Catalunya del 14 de febrer. Aix\u00ed, vam treballar com<br \/>\nfunciona el sistema de govern, des de l\u2019\u00e0mbit general fins a l\u2019\u00e0mbit local. Fins i tot vam<br \/>\nrecrear unes eleccions&hellip;  <a href=\"https:\/\/agora.xtec.cat\/escolalavilapalamos\/general\/treball-globalitzat-5e-les-eleccions\/\" title=\"Read Treball Globalitzat 5\u00e8: Les eleccions\">Llegeix m\u00e9s\u00bb<\/a><\/p>\n","protected":false},"author":132,"featured_media":9110,"comment_status":"open","ping_status":"closed","sticky":false,"template":"","format":"standard","meta":{"_bbp_topic_count":0,"_bbp_reply_count":0,"_bbp_total_topic_count":0,"_bbp_total_reply_count":0,"_bbp_voice_count":0,"_bbp_anonymous_reply_count":0,"_bbp_topic_count_hidden":0,"_bbp_reply_count_hidden":0,"_bbp_forum_subforum_count":0,"footnotes":""},"categories":[128,1,4,5],"tags":[],"class_list":["post-9099","post","type-post","status-publish","format-standard","has-post-thumbnail","hentry","category-comunitat-de-grans","category-general","category-portada","category-primaria"],"post_mailing_queue_ids":[],"_links":{"self":[{"href":"https:\/\/agora.xtec.cat\/escolalavilapalamos\/wp-json\/wp\/v2\/posts\/9099","targetHints":{"allow":["GET"]}}],"collection":[{"href":"https:\/\/agora.xtec.cat\/escolalavilapalamos\/wp-json\/wp\/v2\/posts"}],"about":[{"href":"https:\/\/agora.xtec.cat\/escolalavilapalamos\/wp-json\/wp\/v2\/types\/post"}],"author":[{"embeddable":true,"href":"https:\/\/agora.xtec.cat\/escolalavilapalamos\/wp-json\/wp\/v2\/users\/132"}],"replies":[{"embeddable":true,"href":"https:\/\/agora.xtec.cat\/escolalavilapalamos\/wp-json\/wp\/v2\/comments?post=9099"}],"version-history":[{"count":3,"href":"https:\/\/agora.xtec.cat\/escolalavilapalamos\/wp-json\/wp\/v2\/posts\/9099\/revisions"}],"predecessor-version":[{"id":9130,"href":"https:\/\/agora.xtec.cat\/escolalavilapalamos\/wp-json\/wp\/v2\/posts\/9099\/revisions\/9130"}],"wp:featuredmedia":[{"embeddable":true,"href":"https:\/\/agora.xtec.cat\/escolalavilapalamos\/wp-json\/wp\/v2\/media\/9110"}],"wp:attachment":[{"href":"https:\/\/agora.xtec.cat\/escolalavilapalamos\/wp-json\/wp\/v2\/media?parent=9099"}],"wp:term":[{"taxonomy":"category","embeddable":true,"href":"https:\/\/agora.xtec.cat\/escolalavilapalamos\/wp-json\/wp\/v2\/categories?post=9099"},{"taxonomy":"post_tag","embeddable":true,"href":"https:\/\/agora.xtec.cat\/escolalavilapalamos\/wp-json\/wp\/v2\/tags?post=9099"}],"curies":[{"name":"wp","href":"https:\/\/api.w.org\/{rel}","templated":true}]}}