{"id":9061,"date":"2021-03-04T13:23:45","date_gmt":"2021-03-04T12:23:45","guid":{"rendered":"http:\/\/agora.xtec.cat\/escolalavilapalamos\/?p=9061"},"modified":"2021-03-05T12:54:02","modified_gmt":"2021-03-05T11:54:02","slug":"caura-laigua-del-got","status":"publish","type":"post","link":"https:\/\/agora.xtec.cat\/escolalavilapalamos\/general\/caura-laigua-del-got\/","title":{"rendered":"Caur\u00e0 l&#8217;aigua del got?"},"content":{"rendered":"<p>Els alumnes de P4 hem fet un experiment molt divertit.<\/p>\n<p>Consisteix en posar aigua a dins d&#8217;un got, tot seguit, el tapem amb una cartolina. Un cop tapat, l&#8217;agafem i fem girar el got.<\/p>\n<p>Primer de tot, l&#8217;hem exposat als infants i s&#8217;han originat diverses hip\u00f2tesis, com ara:<\/p>\n<ul>\n<li>L&#8217;aigua caur\u00e0.<\/li>\n<li>Ens mullarem.<\/li>\n<li>El paper no aguantar\u00e0.<\/li>\n<li>No podrem girar el got perqu\u00e8 es mullar\u00e0 el paper.<\/li>\n<\/ul>\n<p>Ohhhhh, SORPRESA!! Hem comprovat, tots i totes que l&#8217;aigua no cau, perqu\u00e8 la pressi\u00f3 de l&#8217;aire fa for\u00e7a contra la cartolina i no deixa vessar l&#8217;aigua.<\/p>\n<p><a href=\"https:\/\/photos.google.com\/u\/2\/album\/AF1QipMx9kDy5QZ0_fD6HBV7hWEoRdKn5UEAgiQnsM_q\"><img loading=\"lazy\" decoding=\"async\" class=\"aligncenter wp-image-9062 size-large\" src=\"https:\/\/agora.xtec.cat\/escolalavilapalamos\/wp-content\/uploads\/usu897\/2021\/03\/IMG_0907-e1614858884423-1024x599.jpg\" alt=\"\" width=\"1024\" height=\"599\" srcset=\"https:\/\/agora.xtec.cat\/escolalavilapalamos\/wp-content\/uploads\/usu897\/2021\/03\/IMG_0907-e1614858884423-1024x599.jpg 1024w, https:\/\/agora.xtec.cat\/escolalavilapalamos\/wp-content\/uploads\/usu897\/2021\/03\/IMG_0907-e1614858884423-300x175.jpg 300w, https:\/\/agora.xtec.cat\/escolalavilapalamos\/wp-content\/uploads\/usu897\/2021\/03\/IMG_0907-e1614858884423-768x449.jpg 768w\" sizes=\"auto, (max-width: 1024px) 100vw, 1024px\" \/><\/a><\/p>\n","protected":false},"excerpt":{"rendered":"<p>Els alumnes de P4 hem fet un experiment molt divertit.<br \/>\nConsisteix en posar aigua a dins d&#8217;un got, tot seguit, el tapem amb una cartolina. Un cop tapat, l&#8217;agafem i fem girar el got.<br \/>\nPrimer de tot, l&#8217;hem exposat als infants i s&#8217;han originat diverses hip\u00f2tesis, com&hellip;  <a href=\"https:\/\/agora.xtec.cat\/escolalavilapalamos\/general\/caura-laigua-del-got\/\" title=\"Read Caur\u00e0 l&#8217;aigua del got?\">Llegeix m\u00e9s\u00bb<\/a><\/p>\n","protected":false},"author":128,"featured_media":9062,"comment_status":"open","ping_status":"closed","sticky":false,"template":"","format":"standard","meta":{"_bbp_topic_count":0,"_bbp_reply_count":0,"_bbp_total_topic_count":0,"_bbp_total_reply_count":0,"_bbp_voice_count":0,"_bbp_anonymous_reply_count":0,"_bbp_topic_count_hidden":0,"_bbp_reply_count_hidden":0,"_bbp_forum_subforum_count":0,"footnotes":""},"categories":[2,1,4],"tags":[],"class_list":["post-9061","post","type-post","status-publish","format-standard","has-post-thumbnail","hentry","category-infantil","category-general","category-portada"],"post_mailing_queue_ids":[],"_links":{"self":[{"href":"https:\/\/agora.xtec.cat\/escolalavilapalamos\/wp-json\/wp\/v2\/posts\/9061","targetHints":{"allow":["GET"]}}],"collection":[{"href":"https:\/\/agora.xtec.cat\/escolalavilapalamos\/wp-json\/wp\/v2\/posts"}],"about":[{"href":"https:\/\/agora.xtec.cat\/escolalavilapalamos\/wp-json\/wp\/v2\/types\/post"}],"author":[{"embeddable":true,"href":"https:\/\/agora.xtec.cat\/escolalavilapalamos\/wp-json\/wp\/v2\/users\/128"}],"replies":[{"embeddable":true,"href":"https:\/\/agora.xtec.cat\/escolalavilapalamos\/wp-json\/wp\/v2\/comments?post=9061"}],"version-history":[{"count":4,"href":"https:\/\/agora.xtec.cat\/escolalavilapalamos\/wp-json\/wp\/v2\/posts\/9061\/revisions"}],"predecessor-version":[{"id":9067,"href":"https:\/\/agora.xtec.cat\/escolalavilapalamos\/wp-json\/wp\/v2\/posts\/9061\/revisions\/9067"}],"wp:featuredmedia":[{"embeddable":true,"href":"https:\/\/agora.xtec.cat\/escolalavilapalamos\/wp-json\/wp\/v2\/media\/9062"}],"wp:attachment":[{"href":"https:\/\/agora.xtec.cat\/escolalavilapalamos\/wp-json\/wp\/v2\/media?parent=9061"}],"wp:term":[{"taxonomy":"category","embeddable":true,"href":"https:\/\/agora.xtec.cat\/escolalavilapalamos\/wp-json\/wp\/v2\/categories?post=9061"},{"taxonomy":"post_tag","embeddable":true,"href":"https:\/\/agora.xtec.cat\/escolalavilapalamos\/wp-json\/wp\/v2\/tags?post=9061"}],"curies":[{"name":"wp","href":"https:\/\/api.w.org\/{rel}","templated":true}]}}