{"id":9041,"date":"2021-03-01T13:14:18","date_gmt":"2021-03-01T12:14:18","guid":{"rendered":"http:\/\/agora.xtec.cat\/escolalavilapalamos\/?p=9041"},"modified":"2021-03-04T13:24:21","modified_gmt":"2021-03-04T12:24:21","slug":"lalumnat-de-1r-al-museu-de-la-pesca","status":"publish","type":"post","link":"https:\/\/agora.xtec.cat\/escolalavilapalamos\/general\/lalumnat-de-1r-al-museu-de-la-pesca\/","title":{"rendered":"L&#8217;alumnat de 1r al museu de la Pesca!"},"content":{"rendered":"<p style=\"text-align: left;\"><img loading=\"lazy\" decoding=\"async\" class=\"wp-image-9048 alignleft\" src=\"https:\/\/agora.xtec.cat\/escolalavilapalamos\/wp-content\/uploads\/usu897\/2021\/03\/E9112313-789D-4D5B-BA8C-CE3A1E75BC74-1024x681.jpg\" alt=\"\" width=\"365\" height=\"243\" srcset=\"https:\/\/agora.xtec.cat\/escolalavilapalamos\/wp-content\/uploads\/usu897\/2021\/03\/E9112313-789D-4D5B-BA8C-CE3A1E75BC74-1024x681.jpg 1024w, https:\/\/agora.xtec.cat\/escolalavilapalamos\/wp-content\/uploads\/usu897\/2021\/03\/E9112313-789D-4D5B-BA8C-CE3A1E75BC74-300x199.jpg 300w, https:\/\/agora.xtec.cat\/escolalavilapalamos\/wp-content\/uploads\/usu897\/2021\/03\/E9112313-789D-4D5B-BA8C-CE3A1E75BC74-768x511.jpg 768w\" sizes=\"auto, (max-width: 365px) 100vw, 365px\" \/><\/p>\n<p>Aquesta darrera setmana de febrer, hem pogut aprendre al museu de la pesca. L&#8217;activitat que hem realitzat era sobre els peixos que tenim a la Mediterr\u00e0nia. Us podr\u00edem explicar la sortida, per\u00f2 pensem que \u00e9s millor que escolteu tots els aprenentatges que han fet els vostres fills i filles. Elles i ells s\u00f3n la veu de l&#8217;experi\u00e8ncia!<\/p>\n<p><iframe loading=\"lazy\" src=\"\/\/www.youtube.com\/embed\/aPAjF7pzlAw\" width=\"560\" height=\"314\"><\/iframe><\/p>\n<p>&nbsp;<\/p>\n","protected":false},"excerpt":{"rendered":"<p>Aquesta darrera setmana de febrer, hem pogut aprendre al museu de la pesca. L&#8217;activitat que hem realitzat era sobre els peixos que tenim a la Mediterr\u00e0nia. Us podr\u00edem explicar la sortida, per\u00f2 pensem que \u00e9s millor que escolteu tots els aprenentatges que han fet els&hellip;  <a href=\"https:\/\/agora.xtec.cat\/escolalavilapalamos\/general\/lalumnat-de-1r-al-museu-de-la-pesca\/\" title=\"Read L&#8217;alumnat de 1r al museu de la Pesca!\">Llegeix m\u00e9s\u00bb<\/a><\/p>\n","protected":false},"author":106,"featured_media":9048,"comment_status":"open","ping_status":"closed","sticky":false,"template":"","format":"standard","meta":{"_bbp_topic_count":0,"_bbp_reply_count":0,"_bbp_total_topic_count":0,"_bbp_total_reply_count":0,"_bbp_voice_count":0,"_bbp_anonymous_reply_count":0,"_bbp_topic_count_hidden":0,"_bbp_reply_count_hidden":0,"_bbp_forum_subforum_count":0,"footnotes":""},"categories":[127,1,4,5],"tags":[],"class_list":["post-9041","post","type-post","status-publish","format-standard","has-post-thumbnail","hentry","category-comunitat-de-mitjans","category-general","category-portada","category-primaria"],"post_mailing_queue_ids":[],"_links":{"self":[{"href":"https:\/\/agora.xtec.cat\/escolalavilapalamos\/wp-json\/wp\/v2\/posts\/9041","targetHints":{"allow":["GET"]}}],"collection":[{"href":"https:\/\/agora.xtec.cat\/escolalavilapalamos\/wp-json\/wp\/v2\/posts"}],"about":[{"href":"https:\/\/agora.xtec.cat\/escolalavilapalamos\/wp-json\/wp\/v2\/types\/post"}],"author":[{"embeddable":true,"href":"https:\/\/agora.xtec.cat\/escolalavilapalamos\/wp-json\/wp\/v2\/users\/106"}],"replies":[{"embeddable":true,"href":"https:\/\/agora.xtec.cat\/escolalavilapalamos\/wp-json\/wp\/v2\/comments?post=9041"}],"version-history":[{"count":4,"href":"https:\/\/agora.xtec.cat\/escolalavilapalamos\/wp-json\/wp\/v2\/posts\/9041\/revisions"}],"predecessor-version":[{"id":9058,"href":"https:\/\/agora.xtec.cat\/escolalavilapalamos\/wp-json\/wp\/v2\/posts\/9041\/revisions\/9058"}],"wp:featuredmedia":[{"embeddable":true,"href":"https:\/\/agora.xtec.cat\/escolalavilapalamos\/wp-json\/wp\/v2\/media\/9048"}],"wp:attachment":[{"href":"https:\/\/agora.xtec.cat\/escolalavilapalamos\/wp-json\/wp\/v2\/media?parent=9041"}],"wp:term":[{"taxonomy":"category","embeddable":true,"href":"https:\/\/agora.xtec.cat\/escolalavilapalamos\/wp-json\/wp\/v2\/categories?post=9041"},{"taxonomy":"post_tag","embeddable":true,"href":"https:\/\/agora.xtec.cat\/escolalavilapalamos\/wp-json\/wp\/v2\/tags?post=9041"}],"curies":[{"name":"wp","href":"https:\/\/api.w.org\/{rel}","templated":true}]}}