{"id":9029,"date":"2021-02-26T11:36:54","date_gmt":"2021-02-26T10:36:54","guid":{"rendered":"http:\/\/agora.xtec.cat\/escolalavilapalamos\/?p=9029"},"modified":"2021-02-26T11:36:54","modified_gmt":"2021-02-26T10:36:54","slug":"treballem-les-descripcions-a-english","status":"publish","type":"post","link":"https:\/\/agora.xtec.cat\/escolalavilapalamos\/general\/treballem-les-descripcions-a-english\/","title":{"rendered":"Treballem les descripcions a English"},"content":{"rendered":"<p>A les sessions d&#8217;English estem aprenent a fer descripcions. Aquesta activitat consisteix en vestir el nen o la nena, escriure la descripci\u00f3 i compartir-la amb el grup. Entre tots valorem la feina feta. Destaquem all\u00f2 que s&#8217;ha fet b\u00e9 i un desig de millora. Continuem treballant l&#8217;autoavaluaci\u00f3 i la coavaluaci\u00f3 per autoregular l&#8217;aprenentatge.<\/p>\n<p><a href=\"https:\/\/agora.xtec.cat\/escolalavilapalamos\/wp-content\/uploads\/usu897\/2021\/02\/FEM-DESCRIPCIONS.jpg\"><img loading=\"lazy\" decoding=\"async\" class=\"wp-image-9034 aligncenter\" src=\"https:\/\/agora.xtec.cat\/escolalavilapalamos\/wp-content\/uploads\/usu897\/2021\/02\/FEM-DESCRIPCIONS-1024x819.jpg\" alt=\"\" width=\"597\" height=\"478\" srcset=\"https:\/\/agora.xtec.cat\/escolalavilapalamos\/wp-content\/uploads\/usu897\/2021\/02\/FEM-DESCRIPCIONS-1024x819.jpg 1024w, https:\/\/agora.xtec.cat\/escolalavilapalamos\/wp-content\/uploads\/usu897\/2021\/02\/FEM-DESCRIPCIONS-300x240.jpg 300w, https:\/\/agora.xtec.cat\/escolalavilapalamos\/wp-content\/uploads\/usu897\/2021\/02\/FEM-DESCRIPCIONS-768x614.jpg 768w, https:\/\/agora.xtec.cat\/escolalavilapalamos\/wp-content\/uploads\/usu897\/2021\/02\/FEM-DESCRIPCIONS.jpg 2000w\" sizes=\"auto, (max-width: 597px) 100vw, 597px\" \/><\/a><a href=\"https:\/\/agora.xtec.cat\/escolalavilapalamos\/wp-content\/uploads\/usu897\/2021\/02\/FEM-DESCRIPCIONS1.jpg\"><img loading=\"lazy\" decoding=\"async\" class=\"aligncenter wp-image-9035\" src=\"https:\/\/agora.xtec.cat\/escolalavilapalamos\/wp-content\/uploads\/usu897\/2021\/02\/FEM-DESCRIPCIONS1-1024x819.jpg\" alt=\"\" width=\"593\" height=\"474\" srcset=\"https:\/\/agora.xtec.cat\/escolalavilapalamos\/wp-content\/uploads\/usu897\/2021\/02\/FEM-DESCRIPCIONS1-1024x819.jpg 1024w, https:\/\/agora.xtec.cat\/escolalavilapalamos\/wp-content\/uploads\/usu897\/2021\/02\/FEM-DESCRIPCIONS1-300x240.jpg 300w, https:\/\/agora.xtec.cat\/escolalavilapalamos\/wp-content\/uploads\/usu897\/2021\/02\/FEM-DESCRIPCIONS1-768x614.jpg 768w, https:\/\/agora.xtec.cat\/escolalavilapalamos\/wp-content\/uploads\/usu897\/2021\/02\/FEM-DESCRIPCIONS1.jpg 2000w\" sizes=\"auto, (max-width: 593px) 100vw, 593px\" \/><\/a><a href=\"https:\/\/agora.xtec.cat\/escolalavilapalamos\/wp-content\/uploads\/usu897\/2021\/02\/FEM-DESCRIPCIONS2.jpg\"><img loading=\"lazy\" decoding=\"async\" class=\"aligncenter wp-image-9036\" src=\"https:\/\/agora.xtec.cat\/escolalavilapalamos\/wp-content\/uploads\/usu897\/2021\/02\/FEM-DESCRIPCIONS2-1024x819.jpg\" alt=\"\" width=\"593\" height=\"474\" srcset=\"https:\/\/agora.xtec.cat\/escolalavilapalamos\/wp-content\/uploads\/usu897\/2021\/02\/FEM-DESCRIPCIONS2-1024x819.jpg 1024w, https:\/\/agora.xtec.cat\/escolalavilapalamos\/wp-content\/uploads\/usu897\/2021\/02\/FEM-DESCRIPCIONS2-300x240.jpg 300w, https:\/\/agora.xtec.cat\/escolalavilapalamos\/wp-content\/uploads\/usu897\/2021\/02\/FEM-DESCRIPCIONS2-768x614.jpg 768w, https:\/\/agora.xtec.cat\/escolalavilapalamos\/wp-content\/uploads\/usu897\/2021\/02\/FEM-DESCRIPCIONS2.jpg 2000w\" sizes=\"auto, (max-width: 593px) 100vw, 593px\" \/><\/a><\/p>\n","protected":false},"excerpt":{"rendered":"<p>A les sessions d&#8217;English estem aprenent a fer descripcions. Aquesta activitat consisteix en vestir el nen o la nena, escriure la descripci\u00f3 i compartir-la amb el grup. Entre tots valorem la feina feta. Destaquem all\u00f2 que s&#8217;ha fet b\u00e9 i un desig de millora. Continuem&hellip;  <a href=\"https:\/\/agora.xtec.cat\/escolalavilapalamos\/general\/treballem-les-descripcions-a-english\/\" title=\"Read Treballem les descripcions a English\">Llegeix m\u00e9s\u00bb<\/a><\/p>\n","protected":false},"author":24,"featured_media":9034,"comment_status":"open","ping_status":"closed","sticky":false,"template":"","format":"standard","meta":{"_bbp_topic_count":0,"_bbp_reply_count":0,"_bbp_total_topic_count":0,"_bbp_total_reply_count":0,"_bbp_voice_count":0,"_bbp_anonymous_reply_count":0,"_bbp_topic_count_hidden":0,"_bbp_reply_count_hidden":0,"_bbp_forum_subforum_count":0,"footnotes":""},"categories":[127,1,4],"tags":[],"class_list":["post-9029","post","type-post","status-publish","format-standard","has-post-thumbnail","hentry","category-comunitat-de-mitjans","category-general","category-portada"],"post_mailing_queue_ids":[],"_links":{"self":[{"href":"https:\/\/agora.xtec.cat\/escolalavilapalamos\/wp-json\/wp\/v2\/posts\/9029","targetHints":{"allow":["GET"]}}],"collection":[{"href":"https:\/\/agora.xtec.cat\/escolalavilapalamos\/wp-json\/wp\/v2\/posts"}],"about":[{"href":"https:\/\/agora.xtec.cat\/escolalavilapalamos\/wp-json\/wp\/v2\/types\/post"}],"author":[{"embeddable":true,"href":"https:\/\/agora.xtec.cat\/escolalavilapalamos\/wp-json\/wp\/v2\/users\/24"}],"replies":[{"embeddable":true,"href":"https:\/\/agora.xtec.cat\/escolalavilapalamos\/wp-json\/wp\/v2\/comments?post=9029"}],"version-history":[{"count":3,"href":"https:\/\/agora.xtec.cat\/escolalavilapalamos\/wp-json\/wp\/v2\/posts\/9029\/revisions"}],"predecessor-version":[{"id":9042,"href":"https:\/\/agora.xtec.cat\/escolalavilapalamos\/wp-json\/wp\/v2\/posts\/9029\/revisions\/9042"}],"wp:featuredmedia":[{"embeddable":true,"href":"https:\/\/agora.xtec.cat\/escolalavilapalamos\/wp-json\/wp\/v2\/media\/9034"}],"wp:attachment":[{"href":"https:\/\/agora.xtec.cat\/escolalavilapalamos\/wp-json\/wp\/v2\/media?parent=9029"}],"wp:term":[{"taxonomy":"category","embeddable":true,"href":"https:\/\/agora.xtec.cat\/escolalavilapalamos\/wp-json\/wp\/v2\/categories?post=9029"},{"taxonomy":"post_tag","embeddable":true,"href":"https:\/\/agora.xtec.cat\/escolalavilapalamos\/wp-json\/wp\/v2\/tags?post=9029"}],"curies":[{"name":"wp","href":"https:\/\/api.w.org\/{rel}","templated":true}]}}