{"id":9024,"date":"2021-02-23T12:00:56","date_gmt":"2021-02-23T11:00:56","guid":{"rendered":"http:\/\/agora.xtec.cat\/escolalavilapalamos\/?p=9024"},"modified":"2021-02-23T15:51:42","modified_gmt":"2021-02-23T14:51:42","slug":"resultats-de-lenquesta-del-temps-del-migdia-educatiu","status":"publish","type":"post","link":"https:\/\/agora.xtec.cat\/escolalavilapalamos\/general\/resultats-de-lenquesta-del-temps-del-migdia-educatiu\/","title":{"rendered":"Resultats de l&#8217;enquesta del Temps del migdia educatiu"},"content":{"rendered":"<p><a href=\"https:\/\/agora.xtec.cat\/escolalavilapalamos\/wp-content\/uploads\/usu897\/2021\/02\/resultats.jpg\"><img loading=\"lazy\" decoding=\"async\" class=\"alignleft wp-image-9025\" src=\"https:\/\/agora.xtec.cat\/escolalavilapalamos\/wp-content\/uploads\/usu897\/2021\/02\/resultats-300x180.jpg\" alt=\"\" width=\"423\" height=\"254\" srcset=\"https:\/\/agora.xtec.cat\/escolalavilapalamos\/wp-content\/uploads\/usu897\/2021\/02\/resultats-300x180.jpg 300w, https:\/\/agora.xtec.cat\/escolalavilapalamos\/wp-content\/uploads\/usu897\/2021\/02\/resultats-768x461.jpg 768w, https:\/\/agora.xtec.cat\/escolalavilapalamos\/wp-content\/uploads\/usu897\/2021\/02\/resultats-1024x615.jpg 1024w, https:\/\/agora.xtec.cat\/escolalavilapalamos\/wp-content\/uploads\/usu897\/2021\/02\/resultats.jpg 1391w\" sizes=\"auto, (max-width: 423px) 100vw, 423px\" \/><\/a>El <strong>Consell Comarcal del Baix Empord\u00e0 forma part de l\u2019Alian\u00e7a Educaci\u00f3 360,<\/strong> una iniciativa educativa, social i pol\u00edtica que promou connectar els aprenentatges que es donen en els diferents temps, espais i recursos de dins i fora dels centres educatius. L\u2019Educaci\u00f3 360 impulsa el treball en xarxa de tots els agents educatius d\u2019un mateix territori, amb l\u2019objectiu de l\u2019equitat i de generar m\u00e9s i millors oportunitats educatives.<br \/>\nEntre els reptes del curs 2020-2021 tenim el de <strong>revisar i ampliar els objectius educatius del temps del migdia<\/strong>, el que anomenem el <strong>menjador escolar<\/strong>, donat que cal renovar la licitaci\u00f3 de les empreses que gestionen aquest servei als centres educatius p\u00fablics de la nostra comarca.<\/p>\n<p>Per aix\u00f2, des del Consell Comarcal impulsem un proc\u00e9s participatiu per millorar els objectius i les actuacions educatives del servei de menjador. On infants, fam\u00edlies, docents, entitats i t\u00e8cnics\/ques municipals pugueu dir-hi la vostra, i acordem actuacions que millorin les oportunitats educatives del temps del migdia.<\/p>\n<p>Aqu\u00ed teniu l\u2019<strong>enlla\u00e7 al v\u00eddeo informatiu del resultat de les enquestes de les fam\u00edlies i l\u2019alumnat de 5\u00e8 i 6\u00e8 de prim\u00e0ria<\/strong> del Temps migdia educatiu.<\/p>\n<p><a href=\"https:\/\/view.genial.ly\/60254ab7c8c7b80d9a5511df\/video-presentation-resultats-temps-migdia-educatiu-be\" data-saferedirecturl=\"https:\/\/www.google.com\/url?q=https:\/\/view.genial.ly\/60254ab7c8c7b80d9a5511df\/video-presentation-resultats-temps-migdia-educatiu-be&amp;source=gmail&amp;ust=1614174808632000&amp;usg=AFQjCNFTT9jzH4Lld1mqgyaKcqLbA7o77A\">https:\/\/view.genial.ly\/60254ab7c8c7b80d9a5511df\/video-presentation-resultats-temps-migdia-educatiu-be<\/a><\/p>\n","protected":false},"excerpt":{"rendered":"<p><a href=\"https:\/\/agora.xtec.cat\/escolalavilapalamos\/wp-content\/uploads\/usu897\/2021\/02\/resultats.jpg\"><\/a>El Consell Comarcal del Baix Empord\u00e0 forma part de l\u2019Alian\u00e7a Educaci\u00f3 360, una iniciativa educativa, social i pol\u00edtica que promou connectar els aprenentatges que es donen en els diferents temps, espais i recursos de dins i fora dels centres educatius. L\u2019Educaci\u00f3 360 impulsa el&hellip;  <a href=\"https:\/\/agora.xtec.cat\/escolalavilapalamos\/general\/resultats-de-lenquesta-del-temps-del-migdia-educatiu\/\" title=\"Read Resultats de l&#8217;enquesta del Temps del migdia educatiu\">Llegeix m\u00e9s\u00bb<\/a><\/p>\n","protected":false},"author":1,"featured_media":9025,"comment_status":"open","ping_status":"closed","sticky":false,"template":"","format":"standard","meta":{"_bbp_topic_count":0,"_bbp_reply_count":0,"_bbp_total_topic_count":0,"_bbp_total_reply_count":0,"_bbp_voice_count":0,"_bbp_anonymous_reply_count":0,"_bbp_topic_count_hidden":0,"_bbp_reply_count_hidden":0,"_bbp_forum_subforum_count":0,"footnotes":""},"categories":[1,4],"tags":[],"class_list":["post-9024","post","type-post","status-publish","format-standard","has-post-thumbnail","hentry","category-general","category-portada"],"post_mailing_queue_ids":[],"_links":{"self":[{"href":"https:\/\/agora.xtec.cat\/escolalavilapalamos\/wp-json\/wp\/v2\/posts\/9024","targetHints":{"allow":["GET"]}}],"collection":[{"href":"https:\/\/agora.xtec.cat\/escolalavilapalamos\/wp-json\/wp\/v2\/posts"}],"about":[{"href":"https:\/\/agora.xtec.cat\/escolalavilapalamos\/wp-json\/wp\/v2\/types\/post"}],"author":[{"embeddable":true,"href":"https:\/\/agora.xtec.cat\/escolalavilapalamos\/wp-json\/wp\/v2\/users\/1"}],"replies":[{"embeddable":true,"href":"https:\/\/agora.xtec.cat\/escolalavilapalamos\/wp-json\/wp\/v2\/comments?post=9024"}],"version-history":[{"count":3,"href":"https:\/\/agora.xtec.cat\/escolalavilapalamos\/wp-json\/wp\/v2\/posts\/9024\/revisions"}],"predecessor-version":[{"id":9028,"href":"https:\/\/agora.xtec.cat\/escolalavilapalamos\/wp-json\/wp\/v2\/posts\/9024\/revisions\/9028"}],"wp:featuredmedia":[{"embeddable":true,"href":"https:\/\/agora.xtec.cat\/escolalavilapalamos\/wp-json\/wp\/v2\/media\/9025"}],"wp:attachment":[{"href":"https:\/\/agora.xtec.cat\/escolalavilapalamos\/wp-json\/wp\/v2\/media?parent=9024"}],"wp:term":[{"taxonomy":"category","embeddable":true,"href":"https:\/\/agora.xtec.cat\/escolalavilapalamos\/wp-json\/wp\/v2\/categories?post=9024"},{"taxonomy":"post_tag","embeddable":true,"href":"https:\/\/agora.xtec.cat\/escolalavilapalamos\/wp-json\/wp\/v2\/tags?post=9024"}],"curies":[{"name":"wp","href":"https:\/\/api.w.org\/{rel}","templated":true}]}}