{"id":9017,"date":"2021-02-15T14:45:42","date_gmt":"2021-02-15T13:45:42","guid":{"rendered":"http:\/\/agora.xtec.cat\/escolalavilapalamos\/?p=9017"},"modified":"2021-02-23T15:44:40","modified_gmt":"2021-02-23T14:44:40","slug":"un-carnaval-diferent-el-carnavirus","status":"publish","type":"post","link":"https:\/\/agora.xtec.cat\/escolalavilapalamos\/general\/un-carnaval-diferent-el-carnavirus\/","title":{"rendered":"Un carnaval diferent: EL CARNAVIRUS"},"content":{"rendered":"<p>Aquest any, el Carnaval ja s\u2019intu\u00efa una mica diferent per la pand\u00e8mia\u2026. Els nens i nenes de 6\u00e8 no hem decidit les consignes com cada any, la colla de Carnaval \u201cLes Folloneres\u201d, les reines d\u2019aquest any, n\u2019han proposat unes de ben divertides per a tot el poble. Nosaltres ens hi hem sumat, i tamb\u00e9 ens hem interessat per con\u00e8ixer una mica m\u00e9s les colles de Carnaval.<\/p>\n<p>Vam decidir entre tots qu\u00e8 vol\u00edem saber, vam preparar l\u2019entrevista i\u2026 amb el MEET, que ja dominem a la perfecci\u00f3, hem fet entrevistes a les colles \u201cLes Folloneres\u201d, \u201cLes Nimfes\u201d i \u201cQuin Sidral\u201d. Hem descobert com dissenyen les disfresses, les carrosses, quan assagen, com s\u2019organitzen&#8230;<\/p>\n<p>Gr\u00e0cies a totes les colles que any rere any fan possible el nostre Carnaval, el Carnaval de Palam\u00f3s!<\/p>\n<p><a href=\"https:\/\/agora.xtec.cat\/escolalavilapalamos\/wp-content\/uploads\/usu897\/2021\/02\/IMG-20210209-WA0014.jpg\"><img loading=\"lazy\" decoding=\"async\" class=\"size-medium wp-image-9018 alignleft\" src=\"https:\/\/agora.xtec.cat\/escolalavilapalamos\/wp-content\/uploads\/usu897\/2021\/02\/IMG-20210209-WA0014-300x225.jpg\" alt=\"\" width=\"300\" height=\"225\" srcset=\"https:\/\/agora.xtec.cat\/escolalavilapalamos\/wp-content\/uploads\/usu897\/2021\/02\/IMG-20210209-WA0014-300x225.jpg 300w, https:\/\/agora.xtec.cat\/escolalavilapalamos\/wp-content\/uploads\/usu897\/2021\/02\/IMG-20210209-WA0014-768x576.jpg 768w, https:\/\/agora.xtec.cat\/escolalavilapalamos\/wp-content\/uploads\/usu897\/2021\/02\/IMG-20210209-WA0014-1024x768.jpg 1024w, https:\/\/agora.xtec.cat\/escolalavilapalamos\/wp-content\/uploads\/usu897\/2021\/02\/IMG-20210209-WA0014-200x150.jpg 200w, https:\/\/agora.xtec.cat\/escolalavilapalamos\/wp-content\/uploads\/usu897\/2021\/02\/IMG-20210209-WA0014.jpg 1600w\" sizes=\"auto, (max-width: 300px) 100vw, 300px\" \/><\/a><a href=\"https:\/\/agora.xtec.cat\/escolalavilapalamos\/wp-content\/uploads\/usu897\/2021\/02\/IMG-20210222-WA00011.jpg\"><img loading=\"lazy\" decoding=\"async\" class=\"size-medium wp-image-9019 alignright\" src=\"https:\/\/agora.xtec.cat\/escolalavilapalamos\/wp-content\/uploads\/usu897\/2021\/02\/IMG-20210222-WA00011-300x225.jpg\" alt=\"\" width=\"300\" height=\"225\" srcset=\"https:\/\/agora.xtec.cat\/escolalavilapalamos\/wp-content\/uploads\/usu897\/2021\/02\/IMG-20210222-WA00011-300x225.jpg 300w, https:\/\/agora.xtec.cat\/escolalavilapalamos\/wp-content\/uploads\/usu897\/2021\/02\/IMG-20210222-WA00011-768x576.jpg 768w, https:\/\/agora.xtec.cat\/escolalavilapalamos\/wp-content\/uploads\/usu897\/2021\/02\/IMG-20210222-WA00011-1024x769.jpg 1024w, https:\/\/agora.xtec.cat\/escolalavilapalamos\/wp-content\/uploads\/usu897\/2021\/02\/IMG-20210222-WA00011-200x150.jpg 200w, https:\/\/agora.xtec.cat\/escolalavilapalamos\/wp-content\/uploads\/usu897\/2021\/02\/IMG-20210222-WA00011.jpg 2048w\" sizes=\"auto, (max-width: 300px) 100vw, 300px\" \/><\/a> <a href=\"https:\/\/agora.xtec.cat\/escolalavilapalamos\/wp-content\/uploads\/usu897\/2021\/02\/IMG-20210222-WA0005.jpg\"><img loading=\"lazy\" decoding=\"async\" class=\"aligncenter size-medium wp-image-9021\" src=\"https:\/\/agora.xtec.cat\/escolalavilapalamos\/wp-content\/uploads\/usu897\/2021\/02\/IMG-20210222-WA0005-300x225.jpg\" alt=\"\" width=\"300\" height=\"225\" srcset=\"https:\/\/agora.xtec.cat\/escolalavilapalamos\/wp-content\/uploads\/usu897\/2021\/02\/IMG-20210222-WA0005-300x225.jpg 300w, https:\/\/agora.xtec.cat\/escolalavilapalamos\/wp-content\/uploads\/usu897\/2021\/02\/IMG-20210222-WA0005-768x576.jpg 768w, https:\/\/agora.xtec.cat\/escolalavilapalamos\/wp-content\/uploads\/usu897\/2021\/02\/IMG-20210222-WA0005-1024x768.jpg 1024w, https:\/\/agora.xtec.cat\/escolalavilapalamos\/wp-content\/uploads\/usu897\/2021\/02\/IMG-20210222-WA0005-200x150.jpg 200w, https:\/\/agora.xtec.cat\/escolalavilapalamos\/wp-content\/uploads\/usu897\/2021\/02\/IMG-20210222-WA0005.jpg 1600w\" sizes=\"auto, (max-width: 300px) 100vw, 300px\" \/><\/a><\/p>\n","protected":false},"excerpt":{"rendered":"<p>Aquest any, el Carnaval ja s\u2019intu\u00efa una mica diferent per la pand\u00e8mia\u2026. Els nens i nenes de 6\u00e8 no hem decidit les consignes com cada any, la colla de Carnaval \u201cLes Folloneres\u201d, les reines d\u2019aquest any, n\u2019han proposat unes de ben divertides per a tot&hellip;  <a href=\"https:\/\/agora.xtec.cat\/escolalavilapalamos\/general\/un-carnaval-diferent-el-carnavirus\/\" title=\"Read Un carnaval diferent: EL CARNAVIRUS\">Llegeix m\u00e9s\u00bb<\/a><\/p>\n","protected":false},"author":132,"featured_media":9018,"comment_status":"open","ping_status":"closed","sticky":false,"template":"","format":"standard","meta":{"_bbp_topic_count":0,"_bbp_reply_count":0,"_bbp_total_topic_count":0,"_bbp_total_reply_count":0,"_bbp_voice_count":0,"_bbp_anonymous_reply_count":0,"_bbp_topic_count_hidden":0,"_bbp_reply_count_hidden":0,"_bbp_forum_subforum_count":0,"footnotes":""},"categories":[15,128,1,4,5],"tags":[],"class_list":["post-9017","post","type-post","status-publish","format-standard","has-post-thumbnail","hentry","category-6e","category-comunitat-de-grans","category-general","category-portada","category-primaria"],"post_mailing_queue_ids":[],"_links":{"self":[{"href":"https:\/\/agora.xtec.cat\/escolalavilapalamos\/wp-json\/wp\/v2\/posts\/9017","targetHints":{"allow":["GET"]}}],"collection":[{"href":"https:\/\/agora.xtec.cat\/escolalavilapalamos\/wp-json\/wp\/v2\/posts"}],"about":[{"href":"https:\/\/agora.xtec.cat\/escolalavilapalamos\/wp-json\/wp\/v2\/types\/post"}],"author":[{"embeddable":true,"href":"https:\/\/agora.xtec.cat\/escolalavilapalamos\/wp-json\/wp\/v2\/users\/132"}],"replies":[{"embeddable":true,"href":"https:\/\/agora.xtec.cat\/escolalavilapalamos\/wp-json\/wp\/v2\/comments?post=9017"}],"version-history":[{"count":2,"href":"https:\/\/agora.xtec.cat\/escolalavilapalamos\/wp-json\/wp\/v2\/posts\/9017\/revisions"}],"predecessor-version":[{"id":9023,"href":"https:\/\/agora.xtec.cat\/escolalavilapalamos\/wp-json\/wp\/v2\/posts\/9017\/revisions\/9023"}],"wp:featuredmedia":[{"embeddable":true,"href":"https:\/\/agora.xtec.cat\/escolalavilapalamos\/wp-json\/wp\/v2\/media\/9018"}],"wp:attachment":[{"href":"https:\/\/agora.xtec.cat\/escolalavilapalamos\/wp-json\/wp\/v2\/media?parent=9017"}],"wp:term":[{"taxonomy":"category","embeddable":true,"href":"https:\/\/agora.xtec.cat\/escolalavilapalamos\/wp-json\/wp\/v2\/categories?post=9017"},{"taxonomy":"post_tag","embeddable":true,"href":"https:\/\/agora.xtec.cat\/escolalavilapalamos\/wp-json\/wp\/v2\/tags?post=9017"}],"curies":[{"name":"wp","href":"https:\/\/api.w.org\/{rel}","templated":true}]}}