{"id":9015,"date":"2021-02-19T19:53:52","date_gmt":"2021-02-19T18:53:52","guid":{"rendered":"http:\/\/agora.xtec.cat\/escolalavilapalamos\/?p=9015"},"modified":"2021-02-19T19:53:52","modified_gmt":"2021-02-19T18:53:52","slug":"tornen-les-activitats-extraescolars","status":"publish","type":"post","link":"https:\/\/agora.xtec.cat\/escolalavilapalamos\/general\/tornen-les-activitats-extraescolars\/","title":{"rendered":"Tornen les activitats extraescolars"},"content":{"rendered":"<p><strong>Dilluns 22 de febrer reobrim les activitats extraescolars.\u00a0 <a href=\"https:\/\/agora.xtec.cat\/escolalavilapalamos\/wp-content\/uploads\/usu897\/2014\/10\/extraescolars.jpg\"><img loading=\"lazy\" decoding=\"async\" class=\"alignleft size-medium wp-image-1870\" src=\"https:\/\/agora.xtec.cat\/escolalavilapalamos\/wp-content\/uploads\/usu897\/2014\/10\/extraescolars-300x145.jpg\" alt=\"\" width=\"300\" height=\"145\" srcset=\"https:\/\/agora.xtec.cat\/escolalavilapalamos\/wp-content\/uploads\/usu897\/2014\/10\/extraescolars-300x145.jpg 300w, https:\/\/agora.xtec.cat\/escolalavilapalamos\/wp-content\/uploads\/usu897\/2014\/10\/extraescolars-768x371.jpg 768w, https:\/\/agora.xtec.cat\/escolalavilapalamos\/wp-content\/uploads\/usu897\/2014\/10\/extraescolars.jpg 986w\" sizes=\"auto, (max-width: 300px) 100vw, 300px\" \/><\/a><br \/>\n<\/strong><\/p>\n<p>Hem hagut d&#8217;adaptar la normativa establerta per la Generalitat, als grups que tenim. Per aix\u00f2, els grups que han quedat afectats per la limitaci\u00f3 de 6 alumnes s\u00f3n:<br \/>\n-Angl\u00e8s, que s&#8217;ha dividit el grup.<br \/>\n-Funky, que s\u2019ha fet una redistribuci\u00f3 dels grups.<\/p>\n<p>La resta d\u2019activitats segueixen igual.<\/p>\n<p>AMPA Escola La Vila<\/p>\n","protected":false},"excerpt":{"rendered":"<p>Dilluns 22 de febrer reobrim les activitats extraescolars.\u00a0 <a href=\"https:\/\/agora.xtec.cat\/escolalavilapalamos\/wp-content\/uploads\/usu897\/2014\/10\/extraescolars.jpg\"><\/a><\/p>\n<p>Hem hagut d&#8217;adaptar la normativa establerta per la Generalitat, als grups que tenim. Per aix\u00f2, els grups que han quedat afectats per la limitaci\u00f3 de 6 alumnes s\u00f3n:<br \/>\n-Angl\u00e8s, que s&#8217;ha dividit el grup.<br \/>\n-Funky, que s\u2019ha fet&hellip;  <a href=\"https:\/\/agora.xtec.cat\/escolalavilapalamos\/general\/tornen-les-activitats-extraescolars\/\" title=\"Read Tornen les activitats extraescolars\">Llegeix m\u00e9s\u00bb<\/a><\/p>\n","protected":false},"author":1,"featured_media":1870,"comment_status":"open","ping_status":"closed","sticky":false,"template":"","format":"standard","meta":{"_bbp_topic_count":0,"_bbp_reply_count":0,"_bbp_total_topic_count":0,"_bbp_total_reply_count":0,"_bbp_voice_count":0,"_bbp_anonymous_reply_count":0,"_bbp_topic_count_hidden":0,"_bbp_reply_count_hidden":0,"_bbp_forum_subforum_count":0,"footnotes":""},"categories":[7,1,4],"tags":[],"class_list":["post-9015","post","type-post","status-publish","format-standard","has-post-thumbnail","hentry","category-ampa","category-general","category-portada"],"post_mailing_queue_ids":[],"_links":{"self":[{"href":"https:\/\/agora.xtec.cat\/escolalavilapalamos\/wp-json\/wp\/v2\/posts\/9015","targetHints":{"allow":["GET"]}}],"collection":[{"href":"https:\/\/agora.xtec.cat\/escolalavilapalamos\/wp-json\/wp\/v2\/posts"}],"about":[{"href":"https:\/\/agora.xtec.cat\/escolalavilapalamos\/wp-json\/wp\/v2\/types\/post"}],"author":[{"embeddable":true,"href":"https:\/\/agora.xtec.cat\/escolalavilapalamos\/wp-json\/wp\/v2\/users\/1"}],"replies":[{"embeddable":true,"href":"https:\/\/agora.xtec.cat\/escolalavilapalamos\/wp-json\/wp\/v2\/comments?post=9015"}],"version-history":[{"count":1,"href":"https:\/\/agora.xtec.cat\/escolalavilapalamos\/wp-json\/wp\/v2\/posts\/9015\/revisions"}],"predecessor-version":[{"id":9016,"href":"https:\/\/agora.xtec.cat\/escolalavilapalamos\/wp-json\/wp\/v2\/posts\/9015\/revisions\/9016"}],"wp:featuredmedia":[{"embeddable":true,"href":"https:\/\/agora.xtec.cat\/escolalavilapalamos\/wp-json\/wp\/v2\/media\/1870"}],"wp:attachment":[{"href":"https:\/\/agora.xtec.cat\/escolalavilapalamos\/wp-json\/wp\/v2\/media?parent=9015"}],"wp:term":[{"taxonomy":"category","embeddable":true,"href":"https:\/\/agora.xtec.cat\/escolalavilapalamos\/wp-json\/wp\/v2\/categories?post=9015"},{"taxonomy":"post_tag","embeddable":true,"href":"https:\/\/agora.xtec.cat\/escolalavilapalamos\/wp-json\/wp\/v2\/tags?post=9015"}],"curies":[{"name":"wp","href":"https:\/\/api.w.org\/{rel}","templated":true}]}}