{"id":8972,"date":"2021-02-09T16:40:07","date_gmt":"2021-02-09T15:40:07","guid":{"rendered":"http:\/\/agora.xtec.cat\/escolalavilapalamos\/?p=8972"},"modified":"2021-02-09T16:40:07","modified_gmt":"2021-02-09T15:40:07","slug":"papiroflexia-o-origamis-a-5e","status":"publish","type":"post","link":"https:\/\/agora.xtec.cat\/escolalavilapalamos\/general\/papiroflexia-o-origamis-a-5e\/","title":{"rendered":"Papirofl\u00e8xia o origamis a 5\u00e8"},"content":{"rendered":"<p><a href=\"https:\/\/photos.app.goo.gl\/2agjANDSYbECYfi38\"><img loading=\"lazy\" decoding=\"async\" class=\" wp-image-8973 alignleft\" src=\"https:\/\/agora.xtec.cat\/escolalavilapalamos\/wp-content\/uploads\/usu897\/2021\/02\/IMG_4654-300x225.jpg\" alt=\"\" width=\"376\" height=\"282\" srcset=\"https:\/\/agora.xtec.cat\/escolalavilapalamos\/wp-content\/uploads\/usu897\/2021\/02\/IMG_4654-300x225.jpg 300w, https:\/\/agora.xtec.cat\/escolalavilapalamos\/wp-content\/uploads\/usu897\/2021\/02\/IMG_4654-768x576.jpg 768w, https:\/\/agora.xtec.cat\/escolalavilapalamos\/wp-content\/uploads\/usu897\/2021\/02\/IMG_4654-1024x768.jpg 1024w, https:\/\/agora.xtec.cat\/escolalavilapalamos\/wp-content\/uploads\/usu897\/2021\/02\/IMG_4654-200x150.jpg 200w\" sizes=\"auto, (max-width: 376px) 100vw, 376px\" \/><\/a><strong>La papirofl\u00e8xia o els origamis<\/strong> s\u00f3n l\u2019art japon\u00e8s del plegament del paper.<\/p>\n<p>Els alumnes de 5\u00e8 ho treballem a art\u00edstica.<\/p>\n<p>Estem desenvolupant la creativitat i concentraci\u00f3, a part de treballar les matem\u00e0tiques partint de la base inicial de la confecci\u00f3 de quadrats, triangles, rectangles i altres formes geom\u00e8triques.<br \/>\nA continuaci\u00f3 podreu veure una mostra de les figures de paper:<\/p>\n<p>Clica a la\u00a0<a href=\"https:\/\/photos.app.goo.gl\/2agjANDSYbECYfi38\">imatge<\/a>\u00a0per veure tota la galeria de fotografies del dia.<\/p>\n","protected":false},"excerpt":{"rendered":"<p><a href=\"https:\/\/photos.app.goo.gl\/2agjANDSYbECYfi38\"><\/a>La papirofl\u00e8xia o els origamis s\u00f3n l\u2019art japon\u00e8s del plegament del paper.<br \/>\nEls alumnes de 5\u00e8 ho treballem a art\u00edstica.<br \/>\nEstem desenvolupant la creativitat i concentraci\u00f3, a part de treballar les matem\u00e0tiques partint de la base inicial de la confecci\u00f3 de quadrats, triangles, rectangles i altres&hellip;  <a href=\"https:\/\/agora.xtec.cat\/escolalavilapalamos\/general\/papiroflexia-o-origamis-a-5e\/\" title=\"Read Papirofl\u00e8xia o origamis a 5\u00e8\">Llegeix m\u00e9s\u00bb<\/a><\/p>\n","protected":false},"author":132,"featured_media":8973,"comment_status":"open","ping_status":"closed","sticky":false,"template":"","format":"standard","meta":{"_bbp_topic_count":0,"_bbp_reply_count":0,"_bbp_total_topic_count":0,"_bbp_total_reply_count":0,"_bbp_voice_count":0,"_bbp_anonymous_reply_count":0,"_bbp_topic_count_hidden":0,"_bbp_reply_count_hidden":0,"_bbp_forum_subforum_count":0,"footnotes":""},"categories":[128,1,4,5],"tags":[],"class_list":["post-8972","post","type-post","status-publish","format-standard","has-post-thumbnail","hentry","category-comunitat-de-grans","category-general","category-portada","category-primaria"],"post_mailing_queue_ids":[],"_links":{"self":[{"href":"https:\/\/agora.xtec.cat\/escolalavilapalamos\/wp-json\/wp\/v2\/posts\/8972","targetHints":{"allow":["GET"]}}],"collection":[{"href":"https:\/\/agora.xtec.cat\/escolalavilapalamos\/wp-json\/wp\/v2\/posts"}],"about":[{"href":"https:\/\/agora.xtec.cat\/escolalavilapalamos\/wp-json\/wp\/v2\/types\/post"}],"author":[{"embeddable":true,"href":"https:\/\/agora.xtec.cat\/escolalavilapalamos\/wp-json\/wp\/v2\/users\/132"}],"replies":[{"embeddable":true,"href":"https:\/\/agora.xtec.cat\/escolalavilapalamos\/wp-json\/wp\/v2\/comments?post=8972"}],"version-history":[{"count":3,"href":"https:\/\/agora.xtec.cat\/escolalavilapalamos\/wp-json\/wp\/v2\/posts\/8972\/revisions"}],"predecessor-version":[{"id":8981,"href":"https:\/\/agora.xtec.cat\/escolalavilapalamos\/wp-json\/wp\/v2\/posts\/8972\/revisions\/8981"}],"wp:featuredmedia":[{"embeddable":true,"href":"https:\/\/agora.xtec.cat\/escolalavilapalamos\/wp-json\/wp\/v2\/media\/8973"}],"wp:attachment":[{"href":"https:\/\/agora.xtec.cat\/escolalavilapalamos\/wp-json\/wp\/v2\/media?parent=8972"}],"wp:term":[{"taxonomy":"category","embeddable":true,"href":"https:\/\/agora.xtec.cat\/escolalavilapalamos\/wp-json\/wp\/v2\/categories?post=8972"},{"taxonomy":"post_tag","embeddable":true,"href":"https:\/\/agora.xtec.cat\/escolalavilapalamos\/wp-json\/wp\/v2\/tags?post=8972"}],"curies":[{"name":"wp","href":"https:\/\/api.w.org\/{rel}","templated":true}]}}