{"id":8966,"date":"2021-02-08T15:55:47","date_gmt":"2021-02-08T14:55:47","guid":{"rendered":"http:\/\/agora.xtec.cat\/escolalavilapalamos\/?p=8966"},"modified":"2021-02-09T16:41:43","modified_gmt":"2021-02-09T15:41:43","slug":"dia-de-la-internet-segura","status":"publish","type":"post","link":"https:\/\/agora.xtec.cat\/escolalavilapalamos\/general\/dia-de-la-internet-segura\/","title":{"rendered":"Dia de la Internet Segura"},"content":{"rendered":"<p><a href=\"https:\/\/agora.xtec.cat\/escolalavilapalamos\/wp-content\/uploads\/usu897\/2021\/02\/SID2021Apunta-tho_Banner02.png\"><img loading=\"lazy\" decoding=\"async\" class=\"alignleft size-medium wp-image-8967\" src=\"https:\/\/agora.xtec.cat\/escolalavilapalamos\/wp-content\/uploads\/usu897\/2021\/02\/SID2021Apunta-tho_Banner02-233x300.png\" alt=\"\" width=\"233\" height=\"300\" srcset=\"https:\/\/agora.xtec.cat\/escolalavilapalamos\/wp-content\/uploads\/usu897\/2021\/02\/SID2021Apunta-tho_Banner02-233x300.png 233w, https:\/\/agora.xtec.cat\/escolalavilapalamos\/wp-content\/uploads\/usu897\/2021\/02\/SID2021Apunta-tho_Banner02.png 700w\" sizes=\"auto, (max-width: 233px) 100vw, 233px\" \/><\/a>El\u00a0<strong>Dia de la Internet Segura 2021<\/strong>\u00a0se celebra el\u00a0<strong>9 de febrer<\/strong>. Com cada any, aquesta cita d\u2019\u00e0mbit mundial t\u00e9 com a objectiu difondre una Internet millor, segura i respectuosa per a tothom.<\/p>\n<p>Des del programa\u00a0<a href=\"https:\/\/internetsegura.cat\/definicio-projecte\/dia-internet-segura\/\">Internet Segura<\/a>, un any m\u00e9s, fan un seguit de propostes que pretenen estendre els continguts de sensibilitzaci\u00f3 i conscienciaci\u00f3 entre tots els sectors de la societat. Arribar a tots els possibles p\u00fablics \u00e9s una fita que any rere any es marquen com a priorit\u00e0ria.\u00a0<span id=\"more-20433\"><\/span><\/p>\n<p>Aquest 2021, i com a cloenda de les accions dutes a terme en el marc de la campanya\u00a0<strong>#StopFrauDigital<\/strong>, el Dia de la Internet Segura girar\u00e0 al voltant dels conceptes de frau digital, especialment orientats a nens i joves, per\u00f2 no exclusivament.\u00a0 El programa tamb\u00e9 estrena un nou\u00a0<a href=\"https:\/\/internetsegura.cat\/relats-per-sant-jordi\/\" target=\"_blank\" rel=\"noreferrer noopener\">conte<\/a>! Com tots els altres, ser\u00e0 un relat ideal perqu\u00e8 llegeixin els infants, per\u00f2 tamb\u00e9 els adults i poder-lo comentar en fam\u00edlia.<\/p>\n<p>Animeu-vos a participar d\u2019aquesta jornada. La seguretat a la xarxa \u00e9s molt important per als i les infants i joves.<\/p>\n<p>Internet segura. <a href=\"http:\/\/xtec.gencat.cat\/ca\/recursos\/tecinformacio\/internet_segura\/diainternet\/index.html\">Materials did\u00e0ctics.<\/a>\u00a0<a href=\"http:\/\/xtec.gencat.cat\/ca\/recursos\/tecinformacio\/internet_segura\/\">Internet segura a l&#8217;xtec<\/a><\/p>\n<p>Trobareu jocs i activitats d&#8217;Internet segura a <a href=\"http:\/\/www.edu365.cat\/internetsegura\/index.html\">www.edu365.cat\/internetsegura\/index.htm<\/a><\/p>\n","protected":false},"excerpt":{"rendered":"<p><a href=\"https:\/\/agora.xtec.cat\/escolalavilapalamos\/wp-content\/uploads\/usu897\/2021\/02\/SID2021Apunta-tho_Banner02.png\"><\/a>El\u00a0Dia de la Internet Segura 2021\u00a0se celebra el\u00a09 de febrer. Com cada any, aquesta cita d\u2019\u00e0mbit mundial t\u00e9 com a objectiu difondre una Internet millor, segura i respectuosa per a tothom.<br \/>\nDes del programa\u00a0<a href=\"https:\/\/internetsegura.cat\/definicio-projecte\/dia-internet-segura\/\">Internet Segura<\/a>, un any m\u00e9s, fan un seguit de propostes que&hellip;  <a href=\"https:\/\/agora.xtec.cat\/escolalavilapalamos\/general\/dia-de-la-internet-segura\/\" title=\"Read Dia de la Internet Segura\">Llegeix m\u00e9s\u00bb<\/a><\/p>\n","protected":false},"author":1,"featured_media":8967,"comment_status":"open","ping_status":"closed","sticky":false,"template":"","format":"standard","meta":{"_bbp_topic_count":0,"_bbp_reply_count":0,"_bbp_total_topic_count":0,"_bbp_total_reply_count":0,"_bbp_voice_count":0,"_bbp_anonymous_reply_count":0,"_bbp_topic_count_hidden":0,"_bbp_reply_count_hidden":0,"_bbp_forum_subforum_count":0,"footnotes":""},"categories":[128,1,4],"tags":[],"class_list":["post-8966","post","type-post","status-publish","format-standard","has-post-thumbnail","hentry","category-comunitat-de-grans","category-general","category-portada"],"post_mailing_queue_ids":[],"_links":{"self":[{"href":"https:\/\/agora.xtec.cat\/escolalavilapalamos\/wp-json\/wp\/v2\/posts\/8966","targetHints":{"allow":["GET"]}}],"collection":[{"href":"https:\/\/agora.xtec.cat\/escolalavilapalamos\/wp-json\/wp\/v2\/posts"}],"about":[{"href":"https:\/\/agora.xtec.cat\/escolalavilapalamos\/wp-json\/wp\/v2\/types\/post"}],"author":[{"embeddable":true,"href":"https:\/\/agora.xtec.cat\/escolalavilapalamos\/wp-json\/wp\/v2\/users\/1"}],"replies":[{"embeddable":true,"href":"https:\/\/agora.xtec.cat\/escolalavilapalamos\/wp-json\/wp\/v2\/comments?post=8966"}],"version-history":[{"count":3,"href":"https:\/\/agora.xtec.cat\/escolalavilapalamos\/wp-json\/wp\/v2\/posts\/8966\/revisions"}],"predecessor-version":[{"id":8971,"href":"https:\/\/agora.xtec.cat\/escolalavilapalamos\/wp-json\/wp\/v2\/posts\/8966\/revisions\/8971"}],"wp:featuredmedia":[{"embeddable":true,"href":"https:\/\/agora.xtec.cat\/escolalavilapalamos\/wp-json\/wp\/v2\/media\/8967"}],"wp:attachment":[{"href":"https:\/\/agora.xtec.cat\/escolalavilapalamos\/wp-json\/wp\/v2\/media?parent=8966"}],"wp:term":[{"taxonomy":"category","embeddable":true,"href":"https:\/\/agora.xtec.cat\/escolalavilapalamos\/wp-json\/wp\/v2\/categories?post=8966"},{"taxonomy":"post_tag","embeddable":true,"href":"https:\/\/agora.xtec.cat\/escolalavilapalamos\/wp-json\/wp\/v2\/tags?post=8966"}],"curies":[{"name":"wp","href":"https:\/\/api.w.org\/{rel}","templated":true}]}}