{"id":8951,"date":"2021-02-05T14:49:01","date_gmt":"2021-02-05T13:49:01","guid":{"rendered":"http:\/\/agora.xtec.cat\/escolalavilapalamos\/?p=8951"},"modified":"2021-02-05T14:49:01","modified_gmt":"2021-02-05T13:49:01","slug":"languila-viatgera-visita-1r","status":"publish","type":"post","link":"https:\/\/agora.xtec.cat\/escolalavilapalamos\/general\/languila-viatgera-visita-1r\/","title":{"rendered":"L&#8217;anguila viatgera visita 1r"},"content":{"rendered":"<p><a href=\"https:\/\/agora.xtec.cat\/escolalavilapalamos\/wp-content\/uploads\/usu897\/2021\/02\/WhatsApp-Image-2021-02-05-at-12.12.15-1.jpeg\"><img loading=\"lazy\" decoding=\"async\" class=\"wp-image-8949 alignright\" src=\"https:\/\/agora.xtec.cat\/escolalavilapalamos\/wp-content\/uploads\/usu897\/2021\/02\/WhatsApp-Image-2021-02-05-at-12.12.15-1-1024x576.jpeg\" alt=\"\" width=\"455\" height=\"256\" srcset=\"https:\/\/agora.xtec.cat\/escolalavilapalamos\/wp-content\/uploads\/usu897\/2021\/02\/WhatsApp-Image-2021-02-05-at-12.12.15-1-1024x576.jpeg 1024w, https:\/\/agora.xtec.cat\/escolalavilapalamos\/wp-content\/uploads\/usu897\/2021\/02\/WhatsApp-Image-2021-02-05-at-12.12.15-1-300x169.jpeg 300w, https:\/\/agora.xtec.cat\/escolalavilapalamos\/wp-content\/uploads\/usu897\/2021\/02\/WhatsApp-Image-2021-02-05-at-12.12.15-1-768x432.jpeg 768w, https:\/\/agora.xtec.cat\/escolalavilapalamos\/wp-content\/uploads\/usu897\/2021\/02\/WhatsApp-Image-2021-02-05-at-12.12.15-1.jpeg 1600w\" sizes=\"auto, (max-width: 455px) 100vw, 455px\" \/><\/a>Avui l&#8217;Afra de l&#8217;\u00c0rea de Medi ambient de l&#8217;Ajuntament de Palam\u00f3s ens ha vingut a veure i ens ha explicat la hist\u00f2ria de l&#8217;anguila viatgera.<\/p>\n<p>A m\u00e9s, ens ha deixat veure i tocar uns peixets, una anguila mitjana i una anguila gran!!!<\/p>\n<p>Ens ha agradat molt, ha estat genial!!!<\/p>\n<p>Clicant <a href=\"https:\/\/photos.app.goo.gl\/oce5tVYcd2foyWkZ6\">aquest enlla\u00e7 podreu veure les fotografies<\/a><\/p>\n<p>&nbsp;<\/p>\n","protected":false},"excerpt":{"rendered":"<p><a href=\"https:\/\/agora.xtec.cat\/escolalavilapalamos\/wp-content\/uploads\/usu897\/2021\/02\/WhatsApp-Image-2021-02-05-at-12.12.15-1.jpeg\"><\/a>Avui l&#8217;Afra de l&#8217;\u00c0rea de Medi ambient de l&#8217;Ajuntament de Palam\u00f3s ens ha vingut a veure i ens ha explicat la hist\u00f2ria de l&#8217;anguila viatgera.<br \/>\nA m\u00e9s, ens ha deixat veure i tocar uns peixets, una anguila mitjana i una anguila gran!!!<br \/>\nEns ha agradat molt,&hellip;  <a href=\"https:\/\/agora.xtec.cat\/escolalavilapalamos\/general\/languila-viatgera-visita-1r\/\" title=\"Read L&#8217;anguila viatgera visita 1r\">Llegeix m\u00e9s\u00bb<\/a><\/p>\n","protected":false},"author":1,"featured_media":8949,"comment_status":"open","ping_status":"closed","sticky":false,"template":"","format":"standard","meta":{"_bbp_topic_count":0,"_bbp_reply_count":0,"_bbp_total_topic_count":0,"_bbp_total_reply_count":0,"_bbp_voice_count":0,"_bbp_anonymous_reply_count":0,"_bbp_topic_count_hidden":0,"_bbp_reply_count_hidden":0,"_bbp_forum_subforum_count":0,"footnotes":""},"categories":[127,1,4,5],"tags":[],"class_list":["post-8951","post","type-post","status-publish","format-standard","has-post-thumbnail","hentry","category-comunitat-de-mitjans","category-general","category-portada","category-primaria"],"post_mailing_queue_ids":[],"_links":{"self":[{"href":"https:\/\/agora.xtec.cat\/escolalavilapalamos\/wp-json\/wp\/v2\/posts\/8951","targetHints":{"allow":["GET"]}}],"collection":[{"href":"https:\/\/agora.xtec.cat\/escolalavilapalamos\/wp-json\/wp\/v2\/posts"}],"about":[{"href":"https:\/\/agora.xtec.cat\/escolalavilapalamos\/wp-json\/wp\/v2\/types\/post"}],"author":[{"embeddable":true,"href":"https:\/\/agora.xtec.cat\/escolalavilapalamos\/wp-json\/wp\/v2\/users\/1"}],"replies":[{"embeddable":true,"href":"https:\/\/agora.xtec.cat\/escolalavilapalamos\/wp-json\/wp\/v2\/comments?post=8951"}],"version-history":[{"count":3,"href":"https:\/\/agora.xtec.cat\/escolalavilapalamos\/wp-json\/wp\/v2\/posts\/8951\/revisions"}],"predecessor-version":[{"id":8954,"href":"https:\/\/agora.xtec.cat\/escolalavilapalamos\/wp-json\/wp\/v2\/posts\/8951\/revisions\/8954"}],"wp:featuredmedia":[{"embeddable":true,"href":"https:\/\/agora.xtec.cat\/escolalavilapalamos\/wp-json\/wp\/v2\/media\/8949"}],"wp:attachment":[{"href":"https:\/\/agora.xtec.cat\/escolalavilapalamos\/wp-json\/wp\/v2\/media?parent=8951"}],"wp:term":[{"taxonomy":"category","embeddable":true,"href":"https:\/\/agora.xtec.cat\/escolalavilapalamos\/wp-json\/wp\/v2\/categories?post=8951"},{"taxonomy":"post_tag","embeddable":true,"href":"https:\/\/agora.xtec.cat\/escolalavilapalamos\/wp-json\/wp\/v2\/tags?post=8951"}],"curies":[{"name":"wp","href":"https:\/\/api.w.org\/{rel}","templated":true}]}}