{"id":8935,"date":"2021-02-04T16:47:37","date_gmt":"2021-02-04T15:47:37","guid":{"rendered":"http:\/\/agora.xtec.cat\/escolalavilapalamos\/?p=8935"},"modified":"2021-02-05T17:45:51","modified_gmt":"2021-02-05T16:45:51","slug":"inventamos-juegos","status":"publish","type":"post","link":"https:\/\/agora.xtec.cat\/escolalavilapalamos\/general\/inventamos-juegos\/","title":{"rendered":"Inventamos juegos!"},"content":{"rendered":"<p><span style=\"font-weight: 400;\"><a href=\"https:\/\/agora.xtec.cat\/escolalavilapalamos\/wp-content\/uploads\/usu897\/2021\/02\/d2e862d3-3be7-43a9-a4f3-4c4dd160f733.jpg\"><img loading=\"lazy\" decoding=\"async\" class=\"size-medium wp-image-8936 alignleft\" src=\"https:\/\/agora.xtec.cat\/escolalavilapalamos\/wp-content\/uploads\/usu897\/2021\/02\/d2e862d3-3be7-43a9-a4f3-4c4dd160f733-300x208.jpg\" alt=\"\" width=\"300\" height=\"208\" srcset=\"https:\/\/agora.xtec.cat\/escolalavilapalamos\/wp-content\/uploads\/usu897\/2021\/02\/d2e862d3-3be7-43a9-a4f3-4c4dd160f733-300x208.jpg 300w, https:\/\/agora.xtec.cat\/escolalavilapalamos\/wp-content\/uploads\/usu897\/2021\/02\/d2e862d3-3be7-43a9-a4f3-4c4dd160f733-768x531.jpg 768w, https:\/\/agora.xtec.cat\/escolalavilapalamos\/wp-content\/uploads\/usu897\/2021\/02\/d2e862d3-3be7-43a9-a4f3-4c4dd160f733.jpg 840w\" sizes=\"auto, (max-width: 300px) 100vw, 300px\" \/><\/a>Els nois i noies de 4t, durant les darreres setmanes, han estat creant i inventant jocs de taula per despr\u00e9s poder-hi jugar amb els seus companys i companyes de curs.\u00a0\u00a0<\/span><\/p>\n<p><span style=\"font-weight: 400;\">La proposta s\u2019ha portat a terme dins de les sessions de llengua castellana. Els alumnes s\u2019han ajuntat en petit grup, que \u00e9s com a ells els hi agrada m\u00e9s treballar, i despr\u00e9s de parlar molt i molt, imaginant, discutint i compartint un munt d\u2019idees, situacions i personatges reals i fant\u00e0stics, finalment han <\/span><i><span style=\"font-weight: 400;\">posat fil a l\u2019agulla<\/span><\/i><span style=\"font-weight: 400;\"> i de mica en mica el joc ha anat agafant forma.\u00a0<\/span><\/p>\n<p><span style=\"font-weight: 400;\">Tots ells han hagut de posar en pr\u00e0ctica\u00a0 un seguit de coneixements ling\u00fc\u00edstics per poder escriure de manera ordenada i precisa les normes del joc creat.\u00a0 A continuaci\u00f3, han elaborat el tauler del joc, on han mostrat les seves habilitats m\u00e9s art\u00edstiques, creatives i tamb\u00e9 matem\u00e0tiques, per dibuixar i sobretot calcular b\u00e9 el nombre i les dimensions de les caselles.\u00a0<\/span><\/p>\n<p><span style=\"font-weight: 400;\">Amb el tauler acabat i ben decorat, \u00e9s el moment de presentar-lo als seus companys i companyes de classe, perqu\u00e8 s\u2019engresquin a jugar-hi i siguin ells qui valorin finalment el treball fet per cada equip.<\/span><\/p>\n<p>Cliqueu <a href=\"https:\/\/photos.app.goo.gl\/5swc9iRVnqXd5yG26\">aqu\u00ed<\/a> si voleu veure una mostra d&#8217;imatges del proc\u00e9s.<\/p>\n","protected":false},"excerpt":{"rendered":"<p><a href=\"https:\/\/agora.xtec.cat\/escolalavilapalamos\/wp-content\/uploads\/usu897\/2021\/02\/d2e862d3-3be7-43a9-a4f3-4c4dd160f733.jpg\"><\/a>Els nois i noies de 4t, durant les darreres setmanes, han estat creant i inventant jocs de taula per despr\u00e9s poder-hi jugar amb els seus companys i companyes de curs.\u00a0\u00a0<br \/>\nLa proposta s\u2019ha portat a terme dins de les sessions de llengua castellana. Els alumnes&hellip;  <a href=\"https:\/\/agora.xtec.cat\/escolalavilapalamos\/general\/inventamos-juegos\/\" title=\"Read Inventamos juegos!\">Llegeix m\u00e9s\u00bb<\/a><\/p>\n","protected":false},"author":132,"featured_media":8936,"comment_status":"open","ping_status":"closed","sticky":false,"template":"","format":"standard","meta":{"_bbp_topic_count":0,"_bbp_reply_count":0,"_bbp_total_topic_count":0,"_bbp_total_reply_count":0,"_bbp_voice_count":0,"_bbp_anonymous_reply_count":0,"_bbp_topic_count_hidden":0,"_bbp_reply_count_hidden":0,"_bbp_forum_subforum_count":0,"footnotes":""},"categories":[128,1,4,5],"tags":[],"class_list":["post-8935","post","type-post","status-publish","format-standard","has-post-thumbnail","hentry","category-comunitat-de-grans","category-general","category-portada","category-primaria"],"post_mailing_queue_ids":[],"_links":{"self":[{"href":"https:\/\/agora.xtec.cat\/escolalavilapalamos\/wp-json\/wp\/v2\/posts\/8935","targetHints":{"allow":["GET"]}}],"collection":[{"href":"https:\/\/agora.xtec.cat\/escolalavilapalamos\/wp-json\/wp\/v2\/posts"}],"about":[{"href":"https:\/\/agora.xtec.cat\/escolalavilapalamos\/wp-json\/wp\/v2\/types\/post"}],"author":[{"embeddable":true,"href":"https:\/\/agora.xtec.cat\/escolalavilapalamos\/wp-json\/wp\/v2\/users\/132"}],"replies":[{"embeddable":true,"href":"https:\/\/agora.xtec.cat\/escolalavilapalamos\/wp-json\/wp\/v2\/comments?post=8935"}],"version-history":[{"count":2,"href":"https:\/\/agora.xtec.cat\/escolalavilapalamos\/wp-json\/wp\/v2\/posts\/8935\/revisions"}],"predecessor-version":[{"id":8938,"href":"https:\/\/agora.xtec.cat\/escolalavilapalamos\/wp-json\/wp\/v2\/posts\/8935\/revisions\/8938"}],"wp:featuredmedia":[{"embeddable":true,"href":"https:\/\/agora.xtec.cat\/escolalavilapalamos\/wp-json\/wp\/v2\/media\/8936"}],"wp:attachment":[{"href":"https:\/\/agora.xtec.cat\/escolalavilapalamos\/wp-json\/wp\/v2\/media?parent=8935"}],"wp:term":[{"taxonomy":"category","embeddable":true,"href":"https:\/\/agora.xtec.cat\/escolalavilapalamos\/wp-json\/wp\/v2\/categories?post=8935"},{"taxonomy":"post_tag","embeddable":true,"href":"https:\/\/agora.xtec.cat\/escolalavilapalamos\/wp-json\/wp\/v2\/tags?post=8935"}],"curies":[{"name":"wp","href":"https:\/\/api.w.org\/{rel}","templated":true}]}}