{"id":8932,"date":"2021-02-04T16:00:48","date_gmt":"2021-02-04T15:00:48","guid":{"rendered":"http:\/\/agora.xtec.cat\/escolalavilapalamos\/?p=8932"},"modified":"2021-02-04T16:50:02","modified_gmt":"2021-02-04T15:50:02","slug":"hem-finalitzat-el-curs-de-vela-escolar-20-21","status":"publish","type":"post","link":"https:\/\/agora.xtec.cat\/escolalavilapalamos\/portada\/hem-finalitzat-el-curs-de-vela-escolar-20-21\/","title":{"rendered":"Hem finalitzat el curs de Vela Escolar 20-21!"},"content":{"rendered":"<p><a href=\"https:\/\/agora.xtec.cat\/escolalavilapalamos\/wp-content\/uploads\/usu897\/2021\/02\/IMG_20210127_143852.jpg\"><img loading=\"lazy\" decoding=\"async\" class=\"wp-image-8933 alignright\" src=\"https:\/\/agora.xtec.cat\/escolalavilapalamos\/wp-content\/uploads\/usu897\/2021\/02\/IMG_20210127_143852-1024x768.jpg\" alt=\"\" width=\"318\" height=\"239\" srcset=\"https:\/\/agora.xtec.cat\/escolalavilapalamos\/wp-content\/uploads\/usu897\/2021\/02\/IMG_20210127_143852-1024x768.jpg 1024w, https:\/\/agora.xtec.cat\/escolalavilapalamos\/wp-content\/uploads\/usu897\/2021\/02\/IMG_20210127_143852-300x225.jpg 300w, https:\/\/agora.xtec.cat\/escolalavilapalamos\/wp-content\/uploads\/usu897\/2021\/02\/IMG_20210127_143852-768x576.jpg 768w, https:\/\/agora.xtec.cat\/escolalavilapalamos\/wp-content\/uploads\/usu897\/2021\/02\/IMG_20210127_143852-200x150.jpg 200w\" sizes=\"auto, (max-width: 318px) 100vw, 318px\" \/><\/a><\/p>\n<p>L&#8217;alumnat de 6\u00e8 de prim\u00e0ria ha finalitzat el curs de Vela Escolar 20-21, en aquestes 11 sessions han aprofundit sobre aquest esport n\u00e0utic tant lligat amb el nostre poble. Han realitzat sessions pr\u00e0ctiques que ens han servit per a treballar de forma cooperativa i tamb\u00e9 un treball te\u00f2ric sobre tem\u00e0tiques diverses, com per exemple, els perjudicis del pl\u00e0stic en els nostres mars i oceans, animals marins en perill d&#8217;extinci\u00f3, els usos del port de Palam\u00f3s, etc.<\/p>\n","protected":false},"excerpt":{"rendered":"<p><a href=\"https:\/\/agora.xtec.cat\/escolalavilapalamos\/wp-content\/uploads\/usu897\/2021\/02\/IMG_20210127_143852.jpg\"><\/a><br \/>\nL&#8217;alumnat de 6\u00e8 de prim\u00e0ria ha finalitzat el curs de Vela Escolar 20-21, en aquestes 11 sessions han aprofundit sobre aquest esport n\u00e0utic tant lligat amb el nostre poble. Han realitzat sessions pr\u00e0ctiques que ens han servit per a treballar de forma cooperativa i&hellip;  <a href=\"https:\/\/agora.xtec.cat\/escolalavilapalamos\/portada\/hem-finalitzat-el-curs-de-vela-escolar-20-21\/\" title=\"Read Hem finalitzat el curs de Vela Escolar 20-21!\">Llegeix m\u00e9s\u00bb<\/a><\/p>\n","protected":false},"author":167,"featured_media":8933,"comment_status":"open","ping_status":"closed","sticky":false,"template":"","format":"standard","meta":{"_bbp_topic_count":0,"_bbp_reply_count":0,"_bbp_total_topic_count":0,"_bbp_total_reply_count":0,"_bbp_voice_count":0,"_bbp_anonymous_reply_count":0,"_bbp_topic_count_hidden":0,"_bbp_reply_count_hidden":0,"_bbp_forum_subforum_count":0,"footnotes":""},"categories":[15,128,70,4,5],"tags":[],"class_list":["post-8932","post","type-post","status-publish","format-standard","has-post-thumbnail","hentry","category-6e","category-comunitat-de-grans","category-efi","category-portada","category-primaria"],"post_mailing_queue_ids":[],"_links":{"self":[{"href":"https:\/\/agora.xtec.cat\/escolalavilapalamos\/wp-json\/wp\/v2\/posts\/8932","targetHints":{"allow":["GET"]}}],"collection":[{"href":"https:\/\/agora.xtec.cat\/escolalavilapalamos\/wp-json\/wp\/v2\/posts"}],"about":[{"href":"https:\/\/agora.xtec.cat\/escolalavilapalamos\/wp-json\/wp\/v2\/types\/post"}],"author":[{"embeddable":true,"href":"https:\/\/agora.xtec.cat\/escolalavilapalamos\/wp-json\/wp\/v2\/users\/167"}],"replies":[{"embeddable":true,"href":"https:\/\/agora.xtec.cat\/escolalavilapalamos\/wp-json\/wp\/v2\/comments?post=8932"}],"version-history":[{"count":2,"href":"https:\/\/agora.xtec.cat\/escolalavilapalamos\/wp-json\/wp\/v2\/posts\/8932\/revisions"}],"predecessor-version":[{"id":8939,"href":"https:\/\/agora.xtec.cat\/escolalavilapalamos\/wp-json\/wp\/v2\/posts\/8932\/revisions\/8939"}],"wp:featuredmedia":[{"embeddable":true,"href":"https:\/\/agora.xtec.cat\/escolalavilapalamos\/wp-json\/wp\/v2\/media\/8933"}],"wp:attachment":[{"href":"https:\/\/agora.xtec.cat\/escolalavilapalamos\/wp-json\/wp\/v2\/media?parent=8932"}],"wp:term":[{"taxonomy":"category","embeddable":true,"href":"https:\/\/agora.xtec.cat\/escolalavilapalamos\/wp-json\/wp\/v2\/categories?post=8932"},{"taxonomy":"post_tag","embeddable":true,"href":"https:\/\/agora.xtec.cat\/escolalavilapalamos\/wp-json\/wp\/v2\/tags?post=8932"}],"curies":[{"name":"wp","href":"https:\/\/api.w.org\/{rel}","templated":true}]}}