{"id":8903,"date":"2021-02-01T15:32:16","date_gmt":"2021-02-01T14:32:16","guid":{"rendered":"http:\/\/agora.xtec.cat\/escolalavilapalamos\/?p=8903"},"modified":"2021-02-01T15:35:24","modified_gmt":"2021-02-01T14:35:24","slug":"propostes-de-llengua","status":"publish","type":"post","link":"https:\/\/agora.xtec.cat\/escolalavilapalamos\/general\/propostes-de-llengua\/","title":{"rendered":"Propostes de llengua a 1r"},"content":{"rendered":"<p style=\"text-align: left;\"><strong>Les propostes de llengua volen la participaci\u00f3 de tot l&#8217;alumnat de 1r<\/strong>. S\u00f3n propostes prou obertes, per tal que cadasc\u00fa pugui seguir el seu ritme d&#8217;aprenentatge i les pugui desenvolupar com necessiti.<\/p>\n<p style=\"text-align: left;\">Cada ronda de propostes acostuma a durar dues setmanes. Expliquem les propostes a la rotllana i presentem un &#8220;cheklist&#8221;, la llista que permet als infants planificar-se la feina a fer, gestionar-se el temps i autoavaluar-se. A partir d&#8217;aqu\u00ed, cadasc\u00fa decideix quina proposta vol fer i com: en grup, en parella o de manera individual.<\/p>\n<p style=\"text-align: left;\">Les propostes volen practicar i posar en joc les habilitats i compet\u00e8ncies ling\u00fc\u00edstiques que els nens i nenes van adquirint. Es posen en pr\u00e0ctica la comprensi\u00f3 lectora, l&#8217;expressi\u00f3 escrita i oral. Alhora, tamb\u00e9 es treballa l&#8217;autonomia, la iniciativa personal, les habilitats socials, l&#8217;aprendre a aprendre. Les propostes s\u00f3n de llengua i per tant, poden ser en catal\u00e0 o en castell\u00e0.<\/p>\n<p style=\"text-align: left;\">A continuaci\u00f3 podeu veure una mostra de les primeres dues rondes de propostes de llengua.<\/p>\n<p><a href=\"https:\/\/agora.xtec.cat\/escolalavilapalamos\/wp-content\/uploads\/usu897\/2021\/01\/WhatsApp-Image-2021-01-29-at-10.28.45.jpeg\"><img loading=\"lazy\" decoding=\"async\" class=\"alignnone wp-image-8904\" src=\"https:\/\/agora.xtec.cat\/escolalavilapalamos\/wp-content\/uploads\/usu897\/2021\/01\/WhatsApp-Image-2021-01-29-at-10.28.45-1024x768.jpeg\" alt=\"\" width=\"248\" height=\"186\" srcset=\"https:\/\/agora.xtec.cat\/escolalavilapalamos\/wp-content\/uploads\/usu897\/2021\/01\/WhatsApp-Image-2021-01-29-at-10.28.45.jpeg 1024w, https:\/\/agora.xtec.cat\/escolalavilapalamos\/wp-content\/uploads\/usu897\/2021\/01\/WhatsApp-Image-2021-01-29-at-10.28.45-300x225.jpeg 300w, https:\/\/agora.xtec.cat\/escolalavilapalamos\/wp-content\/uploads\/usu897\/2021\/01\/WhatsApp-Image-2021-01-29-at-10.28.45-768x576.jpeg 768w, https:\/\/agora.xtec.cat\/escolalavilapalamos\/wp-content\/uploads\/usu897\/2021\/01\/WhatsApp-Image-2021-01-29-at-10.28.45-200x150.jpeg 200w\" sizes=\"auto, (max-width: 248px) 100vw, 248px\" \/><\/a> <a href=\"https:\/\/agora.xtec.cat\/escolalavilapalamos\/wp-content\/uploads\/usu897\/2021\/01\/WhatsApp-Image-2021-01-29-at-10.30.00.jpeg\"><img loading=\"lazy\" decoding=\"async\" class=\"alignnone wp-image-8905\" src=\"https:\/\/agora.xtec.cat\/escolalavilapalamos\/wp-content\/uploads\/usu897\/2021\/01\/WhatsApp-Image-2021-01-29-at-10.30.00-1024x768.jpeg\" alt=\"\" width=\"352\" height=\"264\" srcset=\"https:\/\/agora.xtec.cat\/escolalavilapalamos\/wp-content\/uploads\/usu897\/2021\/01\/WhatsApp-Image-2021-01-29-at-10.30.00.jpeg 1024w, https:\/\/agora.xtec.cat\/escolalavilapalamos\/wp-content\/uploads\/usu897\/2021\/01\/WhatsApp-Image-2021-01-29-at-10.30.00-300x225.jpeg 300w, https:\/\/agora.xtec.cat\/escolalavilapalamos\/wp-content\/uploads\/usu897\/2021\/01\/WhatsApp-Image-2021-01-29-at-10.30.00-768x576.jpeg 768w, https:\/\/agora.xtec.cat\/escolalavilapalamos\/wp-content\/uploads\/usu897\/2021\/01\/WhatsApp-Image-2021-01-29-at-10.30.00-200x150.jpeg 200w\" sizes=\"auto, (max-width: 352px) 100vw, 352px\" \/><\/a> <a href=\"https:\/\/agora.xtec.cat\/escolalavilapalamos\/wp-content\/uploads\/usu897\/2021\/01\/WhatsApp-Image-2021-01-29-at-10.30.07.jpeg\"><img loading=\"lazy\" decoding=\"async\" class=\"alignnone wp-image-8906\" src=\"https:\/\/agora.xtec.cat\/escolalavilapalamos\/wp-content\/uploads\/usu897\/2021\/01\/WhatsApp-Image-2021-01-29-at-10.30.07-1024x768.jpeg\" alt=\"\" width=\"368\" height=\"276\" srcset=\"https:\/\/agora.xtec.cat\/escolalavilapalamos\/wp-content\/uploads\/usu897\/2021\/01\/WhatsApp-Image-2021-01-29-at-10.30.07.jpeg 1024w, https:\/\/agora.xtec.cat\/escolalavilapalamos\/wp-content\/uploads\/usu897\/2021\/01\/WhatsApp-Image-2021-01-29-at-10.30.07-300x225.jpeg 300w, https:\/\/agora.xtec.cat\/escolalavilapalamos\/wp-content\/uploads\/usu897\/2021\/01\/WhatsApp-Image-2021-01-29-at-10.30.07-768x576.jpeg 768w, https:\/\/agora.xtec.cat\/escolalavilapalamos\/wp-content\/uploads\/usu897\/2021\/01\/WhatsApp-Image-2021-01-29-at-10.30.07-200x150.jpeg 200w\" sizes=\"auto, (max-width: 368px) 100vw, 368px\" \/><\/a><\/p>\n<p><a href=\"https:\/\/agora.xtec.cat\/escolalavilapalamos\/wp-content\/uploads\/usu897\/2021\/01\/IMG_0560.jpg\"><img loading=\"lazy\" decoding=\"async\" class=\"alignnone wp-image-8917\" src=\"https:\/\/agora.xtec.cat\/escolalavilapalamos\/wp-content\/uploads\/usu897\/2021\/01\/IMG_0560.jpg\" alt=\"\" width=\"367\" height=\"275\" srcset=\"https:\/\/agora.xtec.cat\/escolalavilapalamos\/wp-content\/uploads\/usu897\/2021\/01\/IMG_0560.jpg 640w, https:\/\/agora.xtec.cat\/escolalavilapalamos\/wp-content\/uploads\/usu897\/2021\/01\/IMG_0560-300x225.jpg 300w, https:\/\/agora.xtec.cat\/escolalavilapalamos\/wp-content\/uploads\/usu897\/2021\/01\/IMG_0560-200x150.jpg 200w\" sizes=\"auto, (max-width: 367px) 100vw, 367px\" \/> \u00a0 <\/a><a href=\"https:\/\/agora.xtec.cat\/escolalavilapalamos\/wp-content\/uploads\/usu897\/2021\/01\/IMG_0567.jpg\"><img loading=\"lazy\" decoding=\"async\" class=\"alignnone wp-image-8916\" src=\"https:\/\/agora.xtec.cat\/escolalavilapalamos\/wp-content\/uploads\/usu897\/2021\/01\/IMG_0567.jpg\" alt=\"\" width=\"239\" height=\"319\" \/><\/a><a href=\"https:\/\/agora.xtec.cat\/escolalavilapalamos\/wp-content\/uploads\/usu897\/2021\/01\/IMG_0635.jpg\"> \u00a0 <\/a><a href=\"https:\/\/agora.xtec.cat\/escolalavilapalamos\/wp-content\/uploads\/usu897\/2021\/01\/IMG_0635.jpg\"><img loading=\"lazy\" decoding=\"async\" class=\"alignnone wp-image-8915\" src=\"https:\/\/agora.xtec.cat\/escolalavilapalamos\/wp-content\/uploads\/usu897\/2021\/01\/IMG_0635.jpg\" alt=\"\" width=\"281\" height=\"211\" srcset=\"https:\/\/agora.xtec.cat\/escolalavilapalamos\/wp-content\/uploads\/usu897\/2021\/01\/IMG_0635.jpg 640w, https:\/\/agora.xtec.cat\/escolalavilapalamos\/wp-content\/uploads\/usu897\/2021\/01\/IMG_0635-300x225.jpg 300w, https:\/\/agora.xtec.cat\/escolalavilapalamos\/wp-content\/uploads\/usu897\/2021\/01\/IMG_0635-200x150.jpg 200w\" sizes=\"auto, (max-width: 281px) 100vw, 281px\" \/><\/a><a href=\"https:\/\/agora.xtec.cat\/escolalavilapalamos\/wp-content\/uploads\/usu897\/2021\/01\/IMG_0636.jpg\"><img loading=\"lazy\" decoding=\"async\" class=\"alignnone wp-image-8914\" src=\"https:\/\/agora.xtec.cat\/escolalavilapalamos\/wp-content\/uploads\/usu897\/2021\/01\/IMG_0636.jpg\" alt=\"\" width=\"346\" height=\"260\" srcset=\"https:\/\/agora.xtec.cat\/escolalavilapalamos\/wp-content\/uploads\/usu897\/2021\/01\/IMG_0636.jpg 640w, https:\/\/agora.xtec.cat\/escolalavilapalamos\/wp-content\/uploads\/usu897\/2021\/01\/IMG_0636-300x225.jpg 300w, https:\/\/agora.xtec.cat\/escolalavilapalamos\/wp-content\/uploads\/usu897\/2021\/01\/IMG_0636-200x150.jpg 200w\" sizes=\"auto, (max-width: 346px) 100vw, 346px\" \/> <\/a><a href=\"https:\/\/agora.xtec.cat\/escolalavilapalamos\/wp-content\/uploads\/usu897\/2021\/01\/IMG_0639.jpg\"><img loading=\"lazy\" decoding=\"async\" class=\"alignnone wp-image-8913\" src=\"https:\/\/agora.xtec.cat\/escolalavilapalamos\/wp-content\/uploads\/usu897\/2021\/01\/IMG_0639.jpg\" alt=\"\" width=\"295\" height=\"221\" srcset=\"https:\/\/agora.xtec.cat\/escolalavilapalamos\/wp-content\/uploads\/usu897\/2021\/01\/IMG_0639.jpg 640w, https:\/\/agora.xtec.cat\/escolalavilapalamos\/wp-content\/uploads\/usu897\/2021\/01\/IMG_0639-300x225.jpg 300w, https:\/\/agora.xtec.cat\/escolalavilapalamos\/wp-content\/uploads\/usu897\/2021\/01\/IMG_0639-200x150.jpg 200w\" sizes=\"auto, (max-width: 295px) 100vw, 295px\" \/> \u00a0<\/a><a href=\"https:\/\/agora.xtec.cat\/escolalavilapalamos\/wp-content\/uploads\/usu897\/2021\/01\/WhatsApp-Image-2021-01-28-at-17.39.45.jpeg\"><img loading=\"lazy\" decoding=\"async\" class=\"alignnone wp-image-8911\" src=\"https:\/\/agora.xtec.cat\/escolalavilapalamos\/wp-content\/uploads\/usu897\/2021\/01\/WhatsApp-Image-2021-01-28-at-17.39.45-1024x576.jpeg\" alt=\"\" width=\"426\" height=\"239\" srcset=\"https:\/\/agora.xtec.cat\/escolalavilapalamos\/wp-content\/uploads\/usu897\/2021\/01\/WhatsApp-Image-2021-01-28-at-17.39.45-1024x576.jpeg 1024w, https:\/\/agora.xtec.cat\/escolalavilapalamos\/wp-content\/uploads\/usu897\/2021\/01\/WhatsApp-Image-2021-01-28-at-17.39.45-300x169.jpeg 300w, https:\/\/agora.xtec.cat\/escolalavilapalamos\/wp-content\/uploads\/usu897\/2021\/01\/WhatsApp-Image-2021-01-28-at-17.39.45-768x432.jpeg 768w, https:\/\/agora.xtec.cat\/escolalavilapalamos\/wp-content\/uploads\/usu897\/2021\/01\/WhatsApp-Image-2021-01-28-at-17.39.45.jpeg 1600w\" sizes=\"auto, (max-width: 426px) 100vw, 426px\" \/><\/a><a href=\"https:\/\/agora.xtec.cat\/escolalavilapalamos\/wp-content\/uploads\/usu897\/2021\/01\/WhatsApp-Image-2021-01-28-at-17.39.49.jpeg\"><img loading=\"lazy\" decoding=\"async\" class=\"alignnone wp-image-8910\" src=\"https:\/\/agora.xtec.cat\/escolalavilapalamos\/wp-content\/uploads\/usu897\/2021\/01\/WhatsApp-Image-2021-01-28-at-17.39.49-1024x576.jpeg\" alt=\"\" width=\"348\" height=\"196\" srcset=\"https:\/\/agora.xtec.cat\/escolalavilapalamos\/wp-content\/uploads\/usu897\/2021\/01\/WhatsApp-Image-2021-01-28-at-17.39.49-1024x576.jpeg 1024w, https:\/\/agora.xtec.cat\/escolalavilapalamos\/wp-content\/uploads\/usu897\/2021\/01\/WhatsApp-Image-2021-01-28-at-17.39.49-300x169.jpeg 300w, https:\/\/agora.xtec.cat\/escolalavilapalamos\/wp-content\/uploads\/usu897\/2021\/01\/WhatsApp-Image-2021-01-28-at-17.39.49-768x432.jpeg 768w, https:\/\/agora.xtec.cat\/escolalavilapalamos\/wp-content\/uploads\/usu897\/2021\/01\/WhatsApp-Image-2021-01-28-at-17.39.49.jpeg 1600w\" sizes=\"auto, (max-width: 348px) 100vw, 348px\" \/><\/a><a href=\"https:\/\/agora.xtec.cat\/escolalavilapalamos\/wp-content\/uploads\/usu897\/2021\/01\/WhatsApp-Image-2021-01-28-at-17.39.55.jpeg\">\u00a0<\/a> <a href=\"https:\/\/agora.xtec.cat\/escolalavilapalamos\/wp-content\/uploads\/usu897\/2021\/01\/WhatsApp-Image-2021-01-28-at-17.39.55.jpeg\"><img loading=\"lazy\" decoding=\"async\" class=\"alignnone wp-image-8909\" src=\"https:\/\/agora.xtec.cat\/escolalavilapalamos\/wp-content\/uploads\/usu897\/2021\/01\/WhatsApp-Image-2021-01-28-at-17.39.55-1024x576.jpeg\" alt=\"\" width=\"349\" height=\"196\" srcset=\"https:\/\/agora.xtec.cat\/escolalavilapalamos\/wp-content\/uploads\/usu897\/2021\/01\/WhatsApp-Image-2021-01-28-at-17.39.55-1024x576.jpeg 1024w, https:\/\/agora.xtec.cat\/escolalavilapalamos\/wp-content\/uploads\/usu897\/2021\/01\/WhatsApp-Image-2021-01-28-at-17.39.55-300x169.jpeg 300w, https:\/\/agora.xtec.cat\/escolalavilapalamos\/wp-content\/uploads\/usu897\/2021\/01\/WhatsApp-Image-2021-01-28-at-17.39.55-768x432.jpeg 768w, https:\/\/agora.xtec.cat\/escolalavilapalamos\/wp-content\/uploads\/usu897\/2021\/01\/WhatsApp-Image-2021-01-28-at-17.39.55.jpeg 1600w\" sizes=\"auto, (max-width: 349px) 100vw, 349px\" \/><\/a><a href=\"https:\/\/agora.xtec.cat\/escolalavilapalamos\/wp-content\/uploads\/usu897\/2021\/01\/IMG_0637.jpg\"><img loading=\"lazy\" decoding=\"async\" class=\"wp-image-8912 alignleft\" src=\"https:\/\/agora.xtec.cat\/escolalavilapalamos\/wp-content\/uploads\/usu897\/2021\/01\/IMG_0637.jpg\" alt=\"\" width=\"307\" height=\"230\" srcset=\"https:\/\/agora.xtec.cat\/escolalavilapalamos\/wp-content\/uploads\/usu897\/2021\/01\/IMG_0637.jpg 640w, https:\/\/agora.xtec.cat\/escolalavilapalamos\/wp-content\/uploads\/usu897\/2021\/01\/IMG_0637-300x225.jpg 300w, https:\/\/agora.xtec.cat\/escolalavilapalamos\/wp-content\/uploads\/usu897\/2021\/01\/IMG_0637-200x150.jpg 200w\" sizes=\"auto, (max-width: 307px) 100vw, 307px\" \/><\/a><\/p>\n<p>&nbsp;<\/p>\n<p>&nbsp;<\/p>\n","protected":false},"excerpt":{"rendered":"<p>Les propostes de llengua volen la participaci\u00f3 de tot l&#8217;alumnat de 1r. S\u00f3n propostes prou obertes, per tal que cadasc\u00fa pugui seguir el seu ritme d&#8217;aprenentatge i les pugui desenvolupar com necessiti.<br \/>\nCada ronda de propostes acostuma a durar dues setmanes. Expliquem les propostes a la&hellip;  <a href=\"https:\/\/agora.xtec.cat\/escolalavilapalamos\/general\/propostes-de-llengua\/\" title=\"Read Propostes de llengua a 1r\">Llegeix m\u00e9s\u00bb<\/a><\/p>\n","protected":false},"author":106,"featured_media":8912,"comment_status":"open","ping_status":"closed","sticky":false,"template":"","format":"standard","meta":{"_bbp_topic_count":0,"_bbp_reply_count":0,"_bbp_total_topic_count":0,"_bbp_total_reply_count":0,"_bbp_voice_count":0,"_bbp_anonymous_reply_count":0,"_bbp_topic_count_hidden":0,"_bbp_reply_count_hidden":0,"_bbp_forum_subforum_count":0,"footnotes":""},"categories":[127,1,4],"tags":[],"class_list":["post-8903","post","type-post","status-publish","format-standard","has-post-thumbnail","hentry","category-comunitat-de-mitjans","category-general","category-portada"],"post_mailing_queue_ids":[],"_links":{"self":[{"href":"https:\/\/agora.xtec.cat\/escolalavilapalamos\/wp-json\/wp\/v2\/posts\/8903","targetHints":{"allow":["GET"]}}],"collection":[{"href":"https:\/\/agora.xtec.cat\/escolalavilapalamos\/wp-json\/wp\/v2\/posts"}],"about":[{"href":"https:\/\/agora.xtec.cat\/escolalavilapalamos\/wp-json\/wp\/v2\/types\/post"}],"author":[{"embeddable":true,"href":"https:\/\/agora.xtec.cat\/escolalavilapalamos\/wp-json\/wp\/v2\/users\/106"}],"replies":[{"embeddable":true,"href":"https:\/\/agora.xtec.cat\/escolalavilapalamos\/wp-json\/wp\/v2\/comments?post=8903"}],"version-history":[{"count":3,"href":"https:\/\/agora.xtec.cat\/escolalavilapalamos\/wp-json\/wp\/v2\/posts\/8903\/revisions"}],"predecessor-version":[{"id":8922,"href":"https:\/\/agora.xtec.cat\/escolalavilapalamos\/wp-json\/wp\/v2\/posts\/8903\/revisions\/8922"}],"wp:featuredmedia":[{"embeddable":true,"href":"https:\/\/agora.xtec.cat\/escolalavilapalamos\/wp-json\/wp\/v2\/media\/8912"}],"wp:attachment":[{"href":"https:\/\/agora.xtec.cat\/escolalavilapalamos\/wp-json\/wp\/v2\/media?parent=8903"}],"wp:term":[{"taxonomy":"category","embeddable":true,"href":"https:\/\/agora.xtec.cat\/escolalavilapalamos\/wp-json\/wp\/v2\/categories?post=8903"},{"taxonomy":"post_tag","embeddable":true,"href":"https:\/\/agora.xtec.cat\/escolalavilapalamos\/wp-json\/wp\/v2\/tags?post=8903"}],"curies":[{"name":"wp","href":"https:\/\/api.w.org\/{rel}","templated":true}]}}