{"id":8898,"date":"2021-01-29T11:24:13","date_gmt":"2021-01-29T10:24:13","guid":{"rendered":"http:\/\/agora.xtec.cat\/escolalavilapalamos\/?p=8898"},"modified":"2021-02-01T15:32:55","modified_gmt":"2021-02-01T14:32:55","slug":"xix-concurs-de-dibuix-de-punts-de-llibre","status":"publish","type":"post","link":"https:\/\/agora.xtec.cat\/escolalavilapalamos\/general\/xix-concurs-de-dibuix-de-punts-de-llibre\/","title":{"rendered":"XIX Concurs de dibuix de punts de llibre"},"content":{"rendered":"<p><a href=\"https:\/\/agora.xtec.cat\/escolalavilapalamos\/wp-content\/uploads\/usu897\/2021\/01\/81TfsfY9vZL.jpg\"><img loading=\"lazy\" decoding=\"async\" class=\"alignleft size-medium wp-image-8899\" src=\"https:\/\/agora.xtec.cat\/escolalavilapalamos\/wp-content\/uploads\/usu897\/2021\/01\/81TfsfY9vZL-193x300.jpg\" alt=\"\" width=\"193\" height=\"300\" srcset=\"https:\/\/agora.xtec.cat\/escolalavilapalamos\/wp-content\/uploads\/usu897\/2021\/01\/81TfsfY9vZL-193x300.jpg 193w, https:\/\/agora.xtec.cat\/escolalavilapalamos\/wp-content\/uploads\/usu897\/2021\/01\/81TfsfY9vZL-768x1193.jpg 768w, https:\/\/agora.xtec.cat\/escolalavilapalamos\/wp-content\/uploads\/usu897\/2021\/01\/81TfsfY9vZL-659x1024.jpg 659w, https:\/\/agora.xtec.cat\/escolalavilapalamos\/wp-content\/uploads\/usu897\/2021\/01\/81TfsfY9vZL.jpg 1648w\" sizes=\"auto, (max-width: 193px) 100vw, 193px\" \/><\/a> <a href=\"https:\/\/agora.xtec.cat\/escolalavilapalamos\/wp-content\/uploads\/usu897\/2021\/01\/260px-Jean-de-la-Fontaine.jpg\"><img loading=\"lazy\" decoding=\"async\" class=\" wp-image-8900 alignright\" src=\"https:\/\/agora.xtec.cat\/escolalavilapalamos\/wp-content\/uploads\/usu897\/2021\/01\/260px-Jean-de-la-Fontaine-237x300.jpg\" alt=\"\" width=\"171\" height=\"216\" srcset=\"https:\/\/agora.xtec.cat\/escolalavilapalamos\/wp-content\/uploads\/usu897\/2021\/01\/260px-Jean-de-la-Fontaine-237x300.jpg 237w, https:\/\/agora.xtec.cat\/escolalavilapalamos\/wp-content\/uploads\/usu897\/2021\/01\/260px-Jean-de-la-Fontaine.jpg 260w\" sizes=\"auto, (max-width: 171px) 100vw, 171px\" \/><\/a>La biblioteca de Palam\u00f3s organitza una nova edici\u00f3 del <strong>Concurs de dibuix punts de llibre de Sant Jordi.<\/strong><\/p>\n<p>La proposta d&#8217;aquest any s\u00f3n les <strong>faules de La Fontaine<\/strong> en el 400 aniversari del naixement de <strong>Jean de La Fontaine (1621-2021)<\/strong> a Chateau_Thierry.<\/p>\n<p>Els alumnes de 1r a 6\u00e8 participen en el concurs de punt de llibre. Hi ha dues categories: 1a categoria de 6 a 8 anys i 2a categoria de 9 a 12 anys.<\/p>\n<p>El mes de mar\u00e7 estaran exposats tots els punts de llibre a la biblioteca de Palam\u00f3s. Del dilluns 1 fins el dissabte 13 de mar\u00e7 es podr\u00e0 votar pels\/per les guanyadors\/es que sortiran el dia de Sant Jordi.<\/p>\n<p>Aneu a <a href=\"http:\/\/www.bibgirona.cat\/biblioteca\/palamos\">la Biblioteca de Palam\u00f3s<\/a> i agafeu els contes amb faules de La Fontaine. Hi ha una selecci\u00f3 de llibres exposats.<\/p>\n<p><b>Jean de La Fontaine<\/b>\u00a0(Ch\u00e2teau-Thierry,\u00a0Aisne,\u00a08 de juliol de\u00a01621 &#8211; Par\u00eds,\u00a013 d&#8217;abril\u00a0de\u00a01695) va ser un escriptor de faules franc\u00e8s. El 1683 es \u200b\u200bva convertir en membre de l&#8217;Acad\u00e8mia Francesa. Les seves rondalles van ser publicades en m\u00faltiples edicions il\u00b7lustrades. A mitjans el segle XVIII, es va llan\u00e7ar una edici\u00f3 en diversos toms, amb gravats basats en dissenys de Jean-Baptiste Oudry.<\/p>\n","protected":false},"excerpt":{"rendered":"<p><a href=\"https:\/\/agora.xtec.cat\/escolalavilapalamos\/wp-content\/uploads\/usu897\/2021\/01\/81TfsfY9vZL.jpg\"><\/a> <a href=\"https:\/\/agora.xtec.cat\/escolalavilapalamos\/wp-content\/uploads\/usu897\/2021\/01\/260px-Jean-de-la-Fontaine.jpg\"><\/a>La biblioteca de Palam\u00f3s organitza una nova edici\u00f3 del Concurs de dibuix punts de llibre de Sant Jordi.<br \/>\nLa proposta d&#8217;aquest any s\u00f3n les faules de La Fontaine en el 400 aniversari del naixement de Jean de La Fontaine (1621-2021) a Chateau_Thierry.<br \/>\nEls alumnes&hellip;  <a href=\"https:\/\/agora.xtec.cat\/escolalavilapalamos\/general\/xix-concurs-de-dibuix-de-punts-de-llibre\/\" title=\"Read XIX Concurs de dibuix de punts de llibre\">Llegeix m\u00e9s\u00bb<\/a><\/p>\n","protected":false},"author":1,"featured_media":8899,"comment_status":"open","ping_status":"closed","sticky":false,"template":"","format":"standard","meta":{"_bbp_topic_count":0,"_bbp_reply_count":0,"_bbp_total_topic_count":0,"_bbp_total_reply_count":0,"_bbp_voice_count":0,"_bbp_anonymous_reply_count":0,"_bbp_topic_count_hidden":0,"_bbp_reply_count_hidden":0,"_bbp_forum_subforum_count":0,"footnotes":""},"categories":[1,4],"tags":[],"class_list":["post-8898","post","type-post","status-publish","format-standard","has-post-thumbnail","hentry","category-general","category-portada"],"post_mailing_queue_ids":[],"_links":{"self":[{"href":"https:\/\/agora.xtec.cat\/escolalavilapalamos\/wp-json\/wp\/v2\/posts\/8898","targetHints":{"allow":["GET"]}}],"collection":[{"href":"https:\/\/agora.xtec.cat\/escolalavilapalamos\/wp-json\/wp\/v2\/posts"}],"about":[{"href":"https:\/\/agora.xtec.cat\/escolalavilapalamos\/wp-json\/wp\/v2\/types\/post"}],"author":[{"embeddable":true,"href":"https:\/\/agora.xtec.cat\/escolalavilapalamos\/wp-json\/wp\/v2\/users\/1"}],"replies":[{"embeddable":true,"href":"https:\/\/agora.xtec.cat\/escolalavilapalamos\/wp-json\/wp\/v2\/comments?post=8898"}],"version-history":[{"count":1,"href":"https:\/\/agora.xtec.cat\/escolalavilapalamos\/wp-json\/wp\/v2\/posts\/8898\/revisions"}],"predecessor-version":[{"id":8901,"href":"https:\/\/agora.xtec.cat\/escolalavilapalamos\/wp-json\/wp\/v2\/posts\/8898\/revisions\/8901"}],"wp:featuredmedia":[{"embeddable":true,"href":"https:\/\/agora.xtec.cat\/escolalavilapalamos\/wp-json\/wp\/v2\/media\/8899"}],"wp:attachment":[{"href":"https:\/\/agora.xtec.cat\/escolalavilapalamos\/wp-json\/wp\/v2\/media?parent=8898"}],"wp:term":[{"taxonomy":"category","embeddable":true,"href":"https:\/\/agora.xtec.cat\/escolalavilapalamos\/wp-json\/wp\/v2\/categories?post=8898"},{"taxonomy":"post_tag","embeddable":true,"href":"https:\/\/agora.xtec.cat\/escolalavilapalamos\/wp-json\/wp\/v2\/tags?post=8898"}],"curies":[{"name":"wp","href":"https:\/\/api.w.org\/{rel}","templated":true}]}}