{"id":8890,"date":"2021-01-26T09:49:25","date_gmt":"2021-01-26T08:49:25","guid":{"rendered":"http:\/\/agora.xtec.cat\/escolalavilapalamos\/?p=8890"},"modified":"2021-01-27T11:25:42","modified_gmt":"2021-01-27T10:25:42","slug":"enquesta-del-temps-de-migdia-educatiu-al-baix-emporda","status":"publish","type":"post","link":"https:\/\/agora.xtec.cat\/escolalavilapalamos\/general\/enquesta-del-temps-de-migdia-educatiu-al-baix-emporda\/","title":{"rendered":"Enquesta del temps de migdia educatiu al Baix Empord\u00e0"},"content":{"rendered":"<p><a href=\"https:\/\/agora.xtec.cat\/escolalavilapalamos\/wp-content\/uploads\/usu897\/2021\/01\/lz8-educacio360-compacte-positiu.png\"><img loading=\"lazy\" decoding=\"async\" class=\"size-medium wp-image-8891 alignright\" src=\"https:\/\/agora.xtec.cat\/escolalavilapalamos\/wp-content\/uploads\/usu897\/2021\/01\/lz8-educacio360-compacte-positiu-300x214.png\" alt=\"\" width=\"300\" height=\"214\" srcset=\"https:\/\/agora.xtec.cat\/escolalavilapalamos\/wp-content\/uploads\/usu897\/2021\/01\/lz8-educacio360-compacte-positiu-300x214.png 300w, https:\/\/agora.xtec.cat\/escolalavilapalamos\/wp-content\/uploads\/usu897\/2021\/01\/lz8-educacio360-compacte-positiu-768x548.png 768w, https:\/\/agora.xtec.cat\/escolalavilapalamos\/wp-content\/uploads\/usu897\/2021\/01\/lz8-educacio360-compacte-positiu-1024x731.png 1024w, https:\/\/agora.xtec.cat\/escolalavilapalamos\/wp-content\/uploads\/usu897\/2021\/01\/lz8-educacio360-compacte-positiu.png 1112w\" sizes=\"auto, (max-width: 300px) 100vw, 300px\" \/><\/a><br \/>\nEl <strong>Consell Comarcal del Baix Empord\u00e0 forma part de l\u2019Alian\u00e7a Educaci\u00f3 360,<\/strong> una iniciativa educativa, social i pol\u00edtica que promou connectar els aprenentatges que es donen en els diferents temps, espais i recursos de dins i fora dels centres educatius. L\u2019Educaci\u00f3 360 impulsa el treball en xarxa de tots els agents educatius d\u2019un mateix territori, amb l\u2019objectiu de l\u2019equitat i de generar m\u00e9s i millors oportunitats educatives.<br \/>\nEntre els reptes del curs 2020-2021 tenim el de <strong>revisar i ampliar els objectius educatius del temps del migdia<\/strong>, el que anomenem el <strong>menjador escolar<\/strong>, donat que cal renovar la licitaci\u00f3 de les empreses que gestionen aquest servei als centres educatius p\u00fablics de la nostra comarca.<br \/>\nPer aix\u00f2, des del Consell Comarcal impulsem un proc\u00e9s participatiu per millorar els objectius i les actuacions educatives del servei de menjador. On infants, fam\u00edlies, docents, entitats i t\u00e8cnics\/ques municipals pugueu dir-hi la vostra, i acordem actuacions que millorin les oportunitats educatives del temps del migdia.<br \/>\nHo fem amb el suport de l\u2019Alian\u00e7a Educaci\u00f3 360 i d\u2019un Grup Motor, format per membres de la comunitat educativa de la comarca. Per respondre conjuntament a: com millorem la coordinaci\u00f3 dels agents implicats al temps de migdia? Com procurem que els objectius educatius siguin compartits i complementaris en el temps lectiu i en el temps del migdia? Com capacitem als monitors i monitores per fer b\u00e9 la seva tasca educativa? Com donem m\u00e9s protagonisme als propis nois i noies en les accions que promovem&#8230;?<\/p>\n<p>Aqu\u00ed trobareu la presentaci\u00f3 base del projecte <a href=\"https:\/\/cutt.ly\/djknkQk\">\u00a0https:\/\/cutt.ly\/djknkQk<\/a><\/p>\n<p>Aix\u00ed doncs, des del Consell Comarcal del Baix Empord\u00e0 <strong>demanem la vostra col\u00b7laboraci\u00f3 perqu\u00e8 les fam\u00edlies usu\u00e0ries del servei de menjador puguin respondre aquesta enquesta<\/strong>. Podeu respondre <strong>fins 5 de febrer de 2021. <\/strong><a href=\"https:\/\/xarxaconsultors.typeform.com\/to\/vwYkfA0i\">https:\/\/xarxaconsultors.typeform.com\/to\/vwYkfA0i<\/a><strong><br \/>\n<\/strong><\/p>\n<p>\u00c0rea d\u2019Ensenyament del Consell Comarcal del Baix Empord\u00e0<\/p>\n","protected":false},"excerpt":{"rendered":"<p><a href=\"https:\/\/agora.xtec.cat\/escolalavilapalamos\/wp-content\/uploads\/usu897\/2021\/01\/lz8-educacio360-compacte-positiu.png\"><\/a><br \/>\nEl Consell Comarcal del Baix Empord\u00e0 forma part de l\u2019Alian\u00e7a Educaci\u00f3 360, una iniciativa educativa, social i pol\u00edtica que promou connectar els aprenentatges que es donen en els diferents temps, espais i recursos de dins i fora dels centres educatius. L\u2019Educaci\u00f3 360 impulsa el&hellip;  <a href=\"https:\/\/agora.xtec.cat\/escolalavilapalamos\/general\/enquesta-del-temps-de-migdia-educatiu-al-baix-emporda\/\" title=\"Read Enquesta del temps de migdia educatiu al Baix Empord\u00e0\">Llegeix m\u00e9s\u00bb<\/a><\/p>\n","protected":false},"author":1,"featured_media":8891,"comment_status":"open","ping_status":"closed","sticky":false,"template":"","format":"standard","meta":{"_bbp_topic_count":0,"_bbp_reply_count":0,"_bbp_total_topic_count":0,"_bbp_total_reply_count":0,"_bbp_voice_count":0,"_bbp_anonymous_reply_count":0,"_bbp_topic_count_hidden":0,"_bbp_reply_count_hidden":0,"_bbp_forum_subforum_count":0,"footnotes":""},"categories":[1,4],"tags":[],"class_list":["post-8890","post","type-post","status-publish","format-standard","has-post-thumbnail","hentry","category-general","category-portada"],"post_mailing_queue_ids":[],"_links":{"self":[{"href":"https:\/\/agora.xtec.cat\/escolalavilapalamos\/wp-json\/wp\/v2\/posts\/8890","targetHints":{"allow":["GET"]}}],"collection":[{"href":"https:\/\/agora.xtec.cat\/escolalavilapalamos\/wp-json\/wp\/v2\/posts"}],"about":[{"href":"https:\/\/agora.xtec.cat\/escolalavilapalamos\/wp-json\/wp\/v2\/types\/post"}],"author":[{"embeddable":true,"href":"https:\/\/agora.xtec.cat\/escolalavilapalamos\/wp-json\/wp\/v2\/users\/1"}],"replies":[{"embeddable":true,"href":"https:\/\/agora.xtec.cat\/escolalavilapalamos\/wp-json\/wp\/v2\/comments?post=8890"}],"version-history":[{"count":1,"href":"https:\/\/agora.xtec.cat\/escolalavilapalamos\/wp-json\/wp\/v2\/posts\/8890\/revisions"}],"predecessor-version":[{"id":8892,"href":"https:\/\/agora.xtec.cat\/escolalavilapalamos\/wp-json\/wp\/v2\/posts\/8890\/revisions\/8892"}],"wp:featuredmedia":[{"embeddable":true,"href":"https:\/\/agora.xtec.cat\/escolalavilapalamos\/wp-json\/wp\/v2\/media\/8891"}],"wp:attachment":[{"href":"https:\/\/agora.xtec.cat\/escolalavilapalamos\/wp-json\/wp\/v2\/media?parent=8890"}],"wp:term":[{"taxonomy":"category","embeddable":true,"href":"https:\/\/agora.xtec.cat\/escolalavilapalamos\/wp-json\/wp\/v2\/categories?post=8890"},{"taxonomy":"post_tag","embeddable":true,"href":"https:\/\/agora.xtec.cat\/escolalavilapalamos\/wp-json\/wp\/v2\/tags?post=8890"}],"curies":[{"name":"wp","href":"https:\/\/api.w.org\/{rel}","templated":true}]}}