{"id":8885,"date":"2021-01-25T13:18:08","date_gmt":"2021-01-25T12:18:08","guid":{"rendered":"http:\/\/agora.xtec.cat\/escolalavilapalamos\/?p=8885"},"modified":"2021-01-25T14:54:22","modified_gmt":"2021-01-25T13:54:22","slug":"aprenem-a-aprendre","status":"publish","type":"post","link":"https:\/\/agora.xtec.cat\/escolalavilapalamos\/general\/aprenem-a-aprendre\/","title":{"rendered":"Aprenem a aprendre"},"content":{"rendered":"<p>A La Vila aquest any tenim com a objectiu <strong>&#8220;Millorar l&#8217;avaluaci\u00f3 per a millorar l&#8217;aprenentatge&#8221;.<\/strong>\u00a0 Hi estem treballant amb el Laboratori de Transformaci\u00f3 Educativa, amb la Xarxa i tamb\u00e9 amb l&#8217;equip impulsor del centre.<\/p>\n<p><strong>Aprendre a avaluar-se<\/strong> \u00e9s una de les condicions b\u00e0siques per aprendre a aprendre i per ser m\u00e9s aut\u00f2nom aprenent. Aquesta afirmaci\u00f3 \u00e9s coherent amb entendre l\u2019aprenentatge com el resultat d\u2019identificar qu\u00e8 ja es fa prou b\u00e9 i qu\u00e8 no s\u2019\u00e9s capa\u00e7 de fer-ho, d\u2019entendre\u2019n les causes i de prendre decisions orientades a la millora. Cada alumne, cada persona, t\u00e9 un sistema personal d\u2019aprendre que ha anat construint progressivament de manera aut\u00f2noma, b\u00e0sicament a partir dels est\u00edmuls que rep a l\u2019escola i en el seu entorn familiar i social. L\u2019avaluaci\u00f3 que funciona formativament busca ajustar l\u2019ensenyament perqu\u00e8 l\u2019aprenentatge pugui ser significatiu. Per anar aprenent a autoregular-se anem fent petits passos, amb els nens i nenes de 3r comencem a entrenar-nos.<\/p>\n<p><iframe loading=\"lazy\" title=\"Aprenem a observar com avancem\" width=\"500\" height=\"281\" src=\"https:\/\/www.youtube.com\/embed\/abACzQvGzh4?feature=oembed\" frameborder=\"0\" allow=\"accelerometer; autoplay; clipboard-write; encrypted-media; gyroscope; picture-in-picture; web-share\" referrerpolicy=\"strict-origin-when-cross-origin\" allowfullscreen><\/iframe><\/p>\n","protected":false},"excerpt":{"rendered":"<p>A La Vila aquest any tenim com a objectiu &#8220;Millorar l&#8217;avaluaci\u00f3 per a millorar l&#8217;aprenentatge&#8221;.\u00a0 Hi estem treballant amb el Laboratori de Transformaci\u00f3 Educativa, amb la Xarxa i tamb\u00e9 amb l&#8217;equip impulsor del centre.<br \/>\nAprendre a avaluar-se \u00e9s una de les condicions b\u00e0siques per aprendre a&hellip;  <a href=\"https:\/\/agora.xtec.cat\/escolalavilapalamos\/general\/aprenem-a-aprendre\/\" title=\"Read Aprenem a aprendre\">Llegeix m\u00e9s\u00bb<\/a><\/p>\n","protected":false},"author":24,"featured_media":0,"comment_status":"open","ping_status":"closed","sticky":false,"template":"","format":"standard","meta":{"_bbp_topic_count":0,"_bbp_reply_count":0,"_bbp_total_topic_count":0,"_bbp_total_reply_count":0,"_bbp_voice_count":0,"_bbp_anonymous_reply_count":0,"_bbp_topic_count_hidden":0,"_bbp_reply_count_hidden":0,"_bbp_forum_subforum_count":0,"footnotes":""},"categories":[127,69,1,4],"tags":[],"class_list":["post-8885","post","type-post","status-publish","format-standard","hentry","category-comunitat-de-mitjans","category-english","category-general","category-portada"],"post_mailing_queue_ids":[],"_links":{"self":[{"href":"https:\/\/agora.xtec.cat\/escolalavilapalamos\/wp-json\/wp\/v2\/posts\/8885","targetHints":{"allow":["GET"]}}],"collection":[{"href":"https:\/\/agora.xtec.cat\/escolalavilapalamos\/wp-json\/wp\/v2\/posts"}],"about":[{"href":"https:\/\/agora.xtec.cat\/escolalavilapalamos\/wp-json\/wp\/v2\/types\/post"}],"author":[{"embeddable":true,"href":"https:\/\/agora.xtec.cat\/escolalavilapalamos\/wp-json\/wp\/v2\/users\/24"}],"replies":[{"embeddable":true,"href":"https:\/\/agora.xtec.cat\/escolalavilapalamos\/wp-json\/wp\/v2\/comments?post=8885"}],"version-history":[{"count":3,"href":"https:\/\/agora.xtec.cat\/escolalavilapalamos\/wp-json\/wp\/v2\/posts\/8885\/revisions"}],"predecessor-version":[{"id":8889,"href":"https:\/\/agora.xtec.cat\/escolalavilapalamos\/wp-json\/wp\/v2\/posts\/8885\/revisions\/8889"}],"wp:attachment":[{"href":"https:\/\/agora.xtec.cat\/escolalavilapalamos\/wp-json\/wp\/v2\/media?parent=8885"}],"wp:term":[{"taxonomy":"category","embeddable":true,"href":"https:\/\/agora.xtec.cat\/escolalavilapalamos\/wp-json\/wp\/v2\/categories?post=8885"},{"taxonomy":"post_tag","embeddable":true,"href":"https:\/\/agora.xtec.cat\/escolalavilapalamos\/wp-json\/wp\/v2\/tags?post=8885"}],"curies":[{"name":"wp","href":"https:\/\/api.w.org\/{rel}","templated":true}]}}