{"id":8868,"date":"2021-01-25T13:17:23","date_gmt":"2021-01-25T12:17:23","guid":{"rendered":"http:\/\/agora.xtec.cat\/escolalavilapalamos\/?p=8868"},"modified":"2021-01-25T14:44:18","modified_gmt":"2021-01-25T13:44:18","slug":"comencem-educacio-fisica","status":"publish","type":"post","link":"https:\/\/agora.xtec.cat\/escolalavilapalamos\/portada\/comencem-educacio-fisica\/","title":{"rendered":"Comencem a fer Educaci\u00f3 F\u00edsica!"},"content":{"rendered":"<p style=\"text-align: center;\"><a href=\"https:\/\/agora.xtec.cat\/escolalavilapalamos\/wp-content\/uploads\/usu897\/2021\/01\/unnamed.png\"><img loading=\"lazy\" decoding=\"async\" class=\"wp-image-8869 alignright\" src=\"https:\/\/agora.xtec.cat\/escolalavilapalamos\/wp-content\/uploads\/usu897\/2021\/01\/unnamed.png\" alt=\"\" width=\"549\" height=\"223\" srcset=\"https:\/\/agora.xtec.cat\/escolalavilapalamos\/wp-content\/uploads\/usu897\/2021\/01\/unnamed.png 512w, https:\/\/agora.xtec.cat\/escolalavilapalamos\/wp-content\/uploads\/usu897\/2021\/01\/unnamed-300x122.png 300w\" sizes=\"auto, (max-width: 549px) 100vw, 549px\" \/><\/a><\/p>\n<p style=\"text-align: left;\">Aquest 2n trimestre l&#8217;alumnat de 4t i 5\u00e8 far\u00e0 Educaci\u00f3 F\u00edsica. Despr\u00e9s de moltes setmanes esperant aquest moment, els nens i nenes de ambd\u00f3s cursos estan comen\u00e7ant a gaudir de les sessions. Basarem el nostre treball en la import\u00e0ncia del<strong> treball cooperatiu,<\/strong> <strong>l&#8217;autonomia<\/strong>, el <strong>respecte cap els dem\u00e9s<\/strong> i el prendre consci\u00e8ncia dels <strong>beneficis de l&#8217;activitat f\u00edsica per la salut<\/strong>.\u00a0 L&#8217;alumnat de 6\u00e8 seguir\u00e0 amb el programa de Vela escolar i tot seguit acabaran el trimestre realitzant les classes d&#8217;educaci\u00f3 f\u00edsica a l&#8217;escola. S&#8217;afegiran reculls fotogr\u00e0fics de les activitats que aniran realitzant.<\/p>\n","protected":false},"excerpt":{"rendered":"<p><a href=\"https:\/\/agora.xtec.cat\/escolalavilapalamos\/wp-content\/uploads\/usu897\/2021\/01\/unnamed.png\"><\/a><br \/>\nAquest 2n trimestre l&#8217;alumnat de 4t i 5\u00e8 far\u00e0 Educaci\u00f3 F\u00edsica. Despr\u00e9s de moltes setmanes esperant aquest moment, els nens i nenes de ambd\u00f3s cursos estan comen\u00e7ant a gaudir de les sessions. Basarem el nostre treball en la import\u00e0ncia del treball cooperatiu, l&#8217;autonomia, el&hellip;  <a href=\"https:\/\/agora.xtec.cat\/escolalavilapalamos\/portada\/comencem-educacio-fisica\/\" title=\"Read Comencem a fer Educaci\u00f3 F\u00edsica!\">Llegeix m\u00e9s\u00bb<\/a><\/p>\n","protected":false},"author":167,"featured_media":8869,"comment_status":"open","ping_status":"closed","sticky":false,"template":"","format":"standard","meta":{"_bbp_topic_count":0,"_bbp_reply_count":0,"_bbp_total_topic_count":0,"_bbp_total_reply_count":0,"_bbp_voice_count":0,"_bbp_anonymous_reply_count":0,"_bbp_topic_count_hidden":0,"_bbp_reply_count_hidden":0,"_bbp_forum_subforum_count":0,"footnotes":""},"categories":[128,70,67,4],"tags":[],"class_list":["post-8868","post","type-post","status-publish","format-standard","has-post-thumbnail","hentry","category-comunitat-de-grans","category-efi","category-especialistes","category-portada"],"post_mailing_queue_ids":[],"_links":{"self":[{"href":"https:\/\/agora.xtec.cat\/escolalavilapalamos\/wp-json\/wp\/v2\/posts\/8868","targetHints":{"allow":["GET"]}}],"collection":[{"href":"https:\/\/agora.xtec.cat\/escolalavilapalamos\/wp-json\/wp\/v2\/posts"}],"about":[{"href":"https:\/\/agora.xtec.cat\/escolalavilapalamos\/wp-json\/wp\/v2\/types\/post"}],"author":[{"embeddable":true,"href":"https:\/\/agora.xtec.cat\/escolalavilapalamos\/wp-json\/wp\/v2\/users\/167"}],"replies":[{"embeddable":true,"href":"https:\/\/agora.xtec.cat\/escolalavilapalamos\/wp-json\/wp\/v2\/comments?post=8868"}],"version-history":[{"count":3,"href":"https:\/\/agora.xtec.cat\/escolalavilapalamos\/wp-json\/wp\/v2\/posts\/8868\/revisions"}],"predecessor-version":[{"id":8888,"href":"https:\/\/agora.xtec.cat\/escolalavilapalamos\/wp-json\/wp\/v2\/posts\/8868\/revisions\/8888"}],"wp:featuredmedia":[{"embeddable":true,"href":"https:\/\/agora.xtec.cat\/escolalavilapalamos\/wp-json\/wp\/v2\/media\/8869"}],"wp:attachment":[{"href":"https:\/\/agora.xtec.cat\/escolalavilapalamos\/wp-json\/wp\/v2\/media?parent=8868"}],"wp:term":[{"taxonomy":"category","embeddable":true,"href":"https:\/\/agora.xtec.cat\/escolalavilapalamos\/wp-json\/wp\/v2\/categories?post=8868"},{"taxonomy":"post_tag","embeddable":true,"href":"https:\/\/agora.xtec.cat\/escolalavilapalamos\/wp-json\/wp\/v2\/tags?post=8868"}],"curies":[{"name":"wp","href":"https:\/\/api.w.org\/{rel}","templated":true}]}}