{"id":8858,"date":"2021-02-23T15:38:54","date_gmt":"2021-02-23T14:38:54","guid":{"rendered":"http:\/\/agora.xtec.cat\/escolalavilapalamos\/?p=8858"},"modified":"2021-02-26T11:49:51","modified_gmt":"2021-02-26T10:49:51","slug":"teatre-a-lescola-el-cas-del-doctor-hopper-2","status":"publish","type":"post","link":"https:\/\/agora.xtec.cat\/escolalavilapalamos\/general\/teatre-a-lescola-el-cas-del-doctor-hopper-2\/","title":{"rendered":"Teatre a l&#8217;escola. El cas del doctor Hopper"},"content":{"rendered":"<p><a href=\"https:\/\/agora.xtec.cat\/escolalavilapalamos\/wp-content\/uploads\/usu897\/2021\/01\/imatge-doctor-hopper.jpg\"><img loading=\"lazy\" decoding=\"async\" class=\"alignleft size-medium wp-image-8859\" src=\"https:\/\/agora.xtec.cat\/escolalavilapalamos\/wp-content\/uploads\/usu897\/2021\/01\/imatge-doctor-hopper-271x300.jpg\" alt=\"\" width=\"271\" height=\"300\" srcset=\"https:\/\/agora.xtec.cat\/escolalavilapalamos\/wp-content\/uploads\/usu897\/2021\/01\/imatge-doctor-hopper-271x300.jpg 271w, https:\/\/agora.xtec.cat\/escolalavilapalamos\/wp-content\/uploads\/usu897\/2021\/01\/imatge-doctor-hopper-768x851.jpg 768w, https:\/\/agora.xtec.cat\/escolalavilapalamos\/wp-content\/uploads\/usu897\/2021\/01\/imatge-doctor-hopper.jpg 920w\" sizes=\"auto, (max-width: 271px) 100vw, 271px\" \/><\/a>El proper divendres 26 de febrer els alumnes de 5\u00e8 gaudirant de l&#8217;obra de teatre: El cas del doctor Hopper. \u00c9s una activitat que pertany al programa <strong>Sigues tu<\/strong> de Dipsalut. \u00c9s protagonitzat per l\u2019actor <a href=\"http:\/\/www.perehosta.com\/es\/\"><strong>Pere Hosta<\/strong><\/a> i t\u00e9 per objectiu refor\u00e7ar l\u2019aprenentatge de les 10 habilitats b\u00e0siques per a la vida i dels h\u00e0bits saludables.<\/p>\n<p>L\u2019obra est\u00e0 adre\u00e7ada a alumnes de 5\u00e8 de prim\u00e0ria. Dura uns quaranta minuts i es duu a terme a la mateixa classe. La proposta teatral \u201cEl cas del doctor Hopper\u201d est\u00e0 pensada per tal de refor\u00e7ar l\u2019aplicaci\u00f3 del programa \u201cSigues tu\u201d a l\u2019aula a trav\u00e9s d\u2019un espectacle interactiu, creant din\u00e0miques de treball i reflexi\u00f3 a trav\u00e9s de l\u2019humor i el teatre. Es posa a l\u2019abast de les persones docents una eina que esperem que pugui ajudar a promoure la conversa a l\u2019aula\u00a0\u00a0en base a una hist\u00f2ria de ficci\u00f3 i ajudar aix\u00ed a reflexionar l\u2019alumnat sobre les seves capacitats psicosocials. Tamb\u00e9 podeu entrar a la web on trobareu la informaci\u00f3 del dr.Hopper: <a href=\"https:\/\/www.siguestu.cat\/ca\/recursosteatresiguestu.html\">https:\/\/www.siguestu.cat\/ca\/recursosteatresiguestu.html<\/a><\/p>\n<p><a href=\"https:\/\/www.siguestu.cat\/ca\/en-que-consisteix.html\">El programa Sigues tu<\/a>, eines i actius per a la salut \u00e9s un <strong>programa d&#8217;educaci\u00f3 per la salut<\/strong> dissenyat per entrenar les habilitats per a la vida d\u2019infants i adolescents. Les habilitats per a la vida s\u00f3n destreses psicosocials (com, per exemple, la capacitat de resoldre problemes o de gestionar les emocions) que complementen i optimitzen la intel\u00b7lig\u00e8ncia i els coneixements. Desenvolupar aquestes habilitats \u00e9s clau per prendre bones decisions en mat\u00e8ria de salut i per afrontar de manera positiva els desafiaments de la vida quotidiana.<\/p>\n","protected":false},"excerpt":{"rendered":"<p><a href=\"https:\/\/agora.xtec.cat\/escolalavilapalamos\/wp-content\/uploads\/usu897\/2021\/01\/imatge-doctor-hopper.jpg\"><\/a>El proper divendres 26 de febrer els alumnes de 5\u00e8 gaudirant de l&#8217;obra de teatre: El cas del doctor Hopper. \u00c9s una activitat que pertany al programa Sigues tu de Dipsalut. \u00c9s protagonitzat per l\u2019actor <a href=\"http:\/\/www.perehosta.com\/es\/\">Pere Hosta<\/a> i t\u00e9 per objectiu refor\u00e7ar l\u2019aprenentatge&hellip;  <a href=\"https:\/\/agora.xtec.cat\/escolalavilapalamos\/general\/teatre-a-lescola-el-cas-del-doctor-hopper-2\/\" title=\"Read Teatre a l&#8217;escola. El cas del doctor Hopper\">Llegeix m\u00e9s\u00bb<\/a><\/p>\n","protected":false},"author":1,"featured_media":8859,"comment_status":"open","ping_status":"closed","sticky":false,"template":"","format":"standard","meta":{"_bbp_topic_count":0,"_bbp_reply_count":0,"_bbp_total_topic_count":0,"_bbp_total_reply_count":0,"_bbp_voice_count":0,"_bbp_anonymous_reply_count":0,"_bbp_topic_count_hidden":0,"_bbp_reply_count_hidden":0,"_bbp_forum_subforum_count":0,"footnotes":""},"categories":[128,1,4],"tags":[],"class_list":["post-8858","post","type-post","status-publish","format-standard","has-post-thumbnail","hentry","category-comunitat-de-grans","category-general","category-portada"],"post_mailing_queue_ids":[],"_links":{"self":[{"href":"https:\/\/agora.xtec.cat\/escolalavilapalamos\/wp-json\/wp\/v2\/posts\/8858","targetHints":{"allow":["GET"]}}],"collection":[{"href":"https:\/\/agora.xtec.cat\/escolalavilapalamos\/wp-json\/wp\/v2\/posts"}],"about":[{"href":"https:\/\/agora.xtec.cat\/escolalavilapalamos\/wp-json\/wp\/v2\/types\/post"}],"author":[{"embeddable":true,"href":"https:\/\/agora.xtec.cat\/escolalavilapalamos\/wp-json\/wp\/v2\/users\/1"}],"replies":[{"embeddable":true,"href":"https:\/\/agora.xtec.cat\/escolalavilapalamos\/wp-json\/wp\/v2\/comments?post=8858"}],"version-history":[{"count":1,"href":"https:\/\/agora.xtec.cat\/escolalavilapalamos\/wp-json\/wp\/v2\/posts\/8858\/revisions"}],"predecessor-version":[{"id":8860,"href":"https:\/\/agora.xtec.cat\/escolalavilapalamos\/wp-json\/wp\/v2\/posts\/8858\/revisions\/8860"}],"wp:featuredmedia":[{"embeddable":true,"href":"https:\/\/agora.xtec.cat\/escolalavilapalamos\/wp-json\/wp\/v2\/media\/8859"}],"wp:attachment":[{"href":"https:\/\/agora.xtec.cat\/escolalavilapalamos\/wp-json\/wp\/v2\/media?parent=8858"}],"wp:term":[{"taxonomy":"category","embeddable":true,"href":"https:\/\/agora.xtec.cat\/escolalavilapalamos\/wp-json\/wp\/v2\/categories?post=8858"},{"taxonomy":"post_tag","embeddable":true,"href":"https:\/\/agora.xtec.cat\/escolalavilapalamos\/wp-json\/wp\/v2\/tags?post=8858"}],"curies":[{"name":"wp","href":"https:\/\/api.w.org\/{rel}","templated":true}]}}