{"id":8855,"date":"2021-01-18T15:35:10","date_gmt":"2021-01-18T14:35:10","guid":{"rendered":"http:\/\/agora.xtec.cat\/escolalavilapalamos\/?p=8855"},"modified":"2021-01-19T15:45:51","modified_gmt":"2021-01-19T14:45:51","slug":"teatre-a-3r-quim-embolic-melic","status":"publish","type":"post","link":"https:\/\/agora.xtec.cat\/escolalavilapalamos\/portada\/teatre-a-3r-quim-embolic-melic\/","title":{"rendered":"Teatre a 3r: Quim embolic melic!"},"content":{"rendered":"<p><strong><a href=\"https:\/\/agora.xtec.cat\/escolalavilapalamos\/wp-content\/uploads\/usu897\/2021\/01\/fotolaminuscula4.jpg\"><img loading=\"lazy\" decoding=\"async\" class=\"alignleft wp-image-8856\" src=\"https:\/\/agora.xtec.cat\/escolalavilapalamos\/wp-content\/uploads\/usu897\/2021\/01\/fotolaminuscula4-300x169.jpg\" alt=\"\" width=\"456\" height=\"257\" srcset=\"https:\/\/agora.xtec.cat\/escolalavilapalamos\/wp-content\/uploads\/usu897\/2021\/01\/fotolaminuscula4-300x169.jpg 300w, https:\/\/agora.xtec.cat\/escolalavilapalamos\/wp-content\/uploads\/usu897\/2021\/01\/fotolaminuscula4-768x432.jpg 768w, https:\/\/agora.xtec.cat\/escolalavilapalamos\/wp-content\/uploads\/usu897\/2021\/01\/fotolaminuscula4-1024x576.jpg 1024w, https:\/\/agora.xtec.cat\/escolalavilapalamos\/wp-content\/uploads\/usu897\/2021\/01\/fotolaminuscula4.jpg 1600w\" sizes=\"auto, (max-width: 456px) 100vw, 456px\" \/><\/a><\/strong><\/p>\n<p>Dimarts 19 de gener al mat\u00ed, els nens i nenes de 3r veuran l&#8217;obra de teatre <strong><em>Quin embolic melic<\/em><\/strong> al pavell\u00f3 de l&#8217;escola. Aquesta activitat es troba dins el projecte <a href=\"https:\/\/www.siguestu.cat\/\"><strong>Sigues tu<\/strong> de Dipsalut<\/a> de la Diputaci\u00f3 de Girona\u00a0 per treballar la perspectiva de g\u00e8nere i la coeducaci\u00f3.<\/p>\n<p><a href=\"http:\/\/www.laminuscula.cat\/\"><strong>La companyia de teatre \u201cLa Min\u00fascula\u201d<\/strong><\/a>\u00a0s\u2019encarrega de desenvolupar l&#8217;activitat\u00a0<em><strong>&#8220;Quin embolic melic&#8221;<\/strong>.<\/em><\/p>\n<p>Entre els 6 i els 12 anys \u00e9s l\u2019etapa on els nens i les nenes desenvolupen plenament la seva identitat de g\u00e8nere, \u00e9s quan s&#8217;identifiquen amb m\u00e9s claredat comportaments i actituds associades a homes i a dones, incorporen aquestes conductes en la seva manera d&#8217;actuar i poden recon\u00e8ixer possibles situacions de desigualtat entre g\u00e8neres.<\/p>\n<p>Entenem per coeducar el proc\u00e9s que pret\u00e9n desenvolupar de forma plena, les capacitats de les persones amb total independ\u00e8ncia del seu sexe. A 3r de prim\u00e0ria proposem treballar a l\u2019aula la coeducaci\u00f3 a trav\u00e9s dels contes amb una din\u00e0mica participativa que convida a reflexionar sobre l\u2019autonomia i els estereotips de g\u00e8nere: les coses no s\u00f3n de nens i de nenes, els homes i les dones han de rebre el mateix tractament.<\/p>\n","protected":false},"excerpt":{"rendered":"<p><a href=\"https:\/\/agora.xtec.cat\/escolalavilapalamos\/wp-content\/uploads\/usu897\/2021\/01\/fotolaminuscula4.jpg\"><\/a><br \/>\nDimarts 19 de gener al mat\u00ed, els nens i nenes de 3r veuran l&#8217;obra de teatre Quin embolic melic al pavell\u00f3 de l&#8217;escola. Aquesta activitat es troba dins el projecte <a href=\"https:\/\/www.siguestu.cat\/\">Sigues tu de Dipsalut<\/a> de la Diputaci\u00f3 de Girona\u00a0 per treballar la perspectiva&hellip;  <a href=\"https:\/\/agora.xtec.cat\/escolalavilapalamos\/portada\/teatre-a-3r-quim-embolic-melic\/\" title=\"Read Teatre a 3r: Quim embolic melic!\">Llegeix m\u00e9s\u00bb<\/a><\/p>\n","protected":false},"author":1,"featured_media":8856,"comment_status":"open","ping_status":"closed","sticky":false,"template":"","format":"standard","meta":{"_bbp_topic_count":0,"_bbp_reply_count":0,"_bbp_total_topic_count":0,"_bbp_total_reply_count":0,"_bbp_voice_count":0,"_bbp_anonymous_reply_count":0,"_bbp_topic_count_hidden":0,"_bbp_reply_count_hidden":0,"_bbp_forum_subforum_count":0,"footnotes":""},"categories":[127,4],"tags":[],"class_list":["post-8855","post","type-post","status-publish","format-standard","has-post-thumbnail","hentry","category-comunitat-de-mitjans","category-portada"],"post_mailing_queue_ids":[],"_links":{"self":[{"href":"https:\/\/agora.xtec.cat\/escolalavilapalamos\/wp-json\/wp\/v2\/posts\/8855","targetHints":{"allow":["GET"]}}],"collection":[{"href":"https:\/\/agora.xtec.cat\/escolalavilapalamos\/wp-json\/wp\/v2\/posts"}],"about":[{"href":"https:\/\/agora.xtec.cat\/escolalavilapalamos\/wp-json\/wp\/v2\/types\/post"}],"author":[{"embeddable":true,"href":"https:\/\/agora.xtec.cat\/escolalavilapalamos\/wp-json\/wp\/v2\/users\/1"}],"replies":[{"embeddable":true,"href":"https:\/\/agora.xtec.cat\/escolalavilapalamos\/wp-json\/wp\/v2\/comments?post=8855"}],"version-history":[{"count":2,"href":"https:\/\/agora.xtec.cat\/escolalavilapalamos\/wp-json\/wp\/v2\/posts\/8855\/revisions"}],"predecessor-version":[{"id":8864,"href":"https:\/\/agora.xtec.cat\/escolalavilapalamos\/wp-json\/wp\/v2\/posts\/8855\/revisions\/8864"}],"wp:featuredmedia":[{"embeddable":true,"href":"https:\/\/agora.xtec.cat\/escolalavilapalamos\/wp-json\/wp\/v2\/media\/8856"}],"wp:attachment":[{"href":"https:\/\/agora.xtec.cat\/escolalavilapalamos\/wp-json\/wp\/v2\/media?parent=8855"}],"wp:term":[{"taxonomy":"category","embeddable":true,"href":"https:\/\/agora.xtec.cat\/escolalavilapalamos\/wp-json\/wp\/v2\/categories?post=8855"},{"taxonomy":"post_tag","embeddable":true,"href":"https:\/\/agora.xtec.cat\/escolalavilapalamos\/wp-json\/wp\/v2\/tags?post=8855"}],"curies":[{"name":"wp","href":"https:\/\/api.w.org\/{rel}","templated":true}]}}