{"id":8850,"date":"2021-01-18T10:57:49","date_gmt":"2021-01-18T09:57:49","guid":{"rendered":"http:\/\/agora.xtec.cat\/escolalavilapalamos\/?p=8850"},"modified":"2021-01-18T10:58:30","modified_gmt":"2021-01-18T09:58:30","slug":"a-la-comunitat-de-petits-fem-musica","status":"publish","type":"post","link":"https:\/\/agora.xtec.cat\/escolalavilapalamos\/general\/a-la-comunitat-de-petits-fem-musica\/","title":{"rendered":"A la Comunitat de Petits fem m\u00fasica!"},"content":{"rendered":"<p>Aquest trimestre gaudirem del treball musical a l&#8217;aula i als espais exteriors.\u00a0 A les sessions serem la Lourdes mestra de m\u00fasica, la Mariona practicant del darrer curs de mestra de m\u00fasica, la guitarra &#8220;Cantarina&#8221; i la nostra mascota musical en TI-TI que no es vol perdre cap sessi\u00f3!<\/p>\n<p>Aqu\u00ed us deixem un resum audiovisual de la nostra primera setmana on hem treballat sobretot la pulsaci\u00f3 sobre el cos i sobre suport gr\u00e0fic, petites c\u00e8l\u00b7lules r\u00edtmiques, la can\u00e7\u00f3 i el moviment i el massatge sonor que ens relaxa.<\/p>\n<p>Que gaudiu de la m\u00fasica!<\/p>\n<p><iframe loading=\"lazy\" title=\"Ja fem Mu\u0301sica a P3\" width=\"500\" height=\"281\" src=\"https:\/\/www.youtube.com\/embed\/_jfA-ECcz6w?feature=oembed\" frameborder=\"0\" allow=\"accelerometer; autoplay; clipboard-write; encrypted-media; gyroscope; picture-in-picture; web-share\" referrerpolicy=\"strict-origin-when-cross-origin\" allowfullscreen><\/iframe><\/p>\n<p><iframe loading=\"lazy\" title=\"Ja fem mu\u0301sica a P4\" width=\"500\" height=\"281\" src=\"https:\/\/www.youtube.com\/embed\/3eEV2wGV5vw?feature=oembed\" frameborder=\"0\" allow=\"accelerometer; autoplay; clipboard-write; encrypted-media; gyroscope; picture-in-picture; web-share\" referrerpolicy=\"strict-origin-when-cross-origin\" allowfullscreen><\/iframe><\/p>\n<p><iframe loading=\"lazy\" title=\"Ja fem mu\u0301sica a P5\" width=\"500\" height=\"281\" src=\"https:\/\/www.youtube.com\/embed\/ZhmY4nebC0s?feature=oembed\" frameborder=\"0\" allow=\"accelerometer; autoplay; clipboard-write; encrypted-media; gyroscope; picture-in-picture; web-share\" referrerpolicy=\"strict-origin-when-cross-origin\" allowfullscreen><\/iframe><\/p>\n<p><iframe loading=\"lazy\" title=\"Patis musicals a P5\" width=\"500\" height=\"281\" src=\"https:\/\/www.youtube.com\/embed\/MApGdtxuFCU?feature=oembed\" frameborder=\"0\" allow=\"accelerometer; autoplay; clipboard-write; encrypted-media; gyroscope; picture-in-picture; web-share\" referrerpolicy=\"strict-origin-when-cross-origin\" allowfullscreen><\/iframe><\/p>\n","protected":false},"excerpt":{"rendered":"<p>Aquest trimestre gaudirem del treball musical a l&#8217;aula i als espais exteriors.\u00a0 A les sessions serem la Lourdes mestra de m\u00fasica, la Mariona practicant del darrer curs de mestra de m\u00fasica, la guitarra &#8220;Cantarina&#8221; i la nostra mascota musical en TI-TI que no es vol&hellip;  <a href=\"https:\/\/agora.xtec.cat\/escolalavilapalamos\/general\/a-la-comunitat-de-petits-fem-musica\/\" title=\"Read A la Comunitat de Petits fem m\u00fasica!\">Llegeix m\u00e9s\u00bb<\/a><\/p>\n","protected":false},"author":5,"featured_media":8853,"comment_status":"open","ping_status":"closed","sticky":false,"template":"","format":"standard","meta":{"_bbp_topic_count":0,"_bbp_reply_count":0,"_bbp_total_topic_count":0,"_bbp_total_reply_count":0,"_bbp_voice_count":0,"_bbp_anonymous_reply_count":0,"_bbp_topic_count_hidden":0,"_bbp_reply_count_hidden":0,"_bbp_forum_subforum_count":0,"footnotes":""},"categories":[2,1,4],"tags":[],"class_list":["post-8850","post","type-post","status-publish","format-standard","has-post-thumbnail","hentry","category-infantil","category-general","category-portada"],"post_mailing_queue_ids":[],"_links":{"self":[{"href":"https:\/\/agora.xtec.cat\/escolalavilapalamos\/wp-json\/wp\/v2\/posts\/8850","targetHints":{"allow":["GET"]}}],"collection":[{"href":"https:\/\/agora.xtec.cat\/escolalavilapalamos\/wp-json\/wp\/v2\/posts"}],"about":[{"href":"https:\/\/agora.xtec.cat\/escolalavilapalamos\/wp-json\/wp\/v2\/types\/post"}],"author":[{"embeddable":true,"href":"https:\/\/agora.xtec.cat\/escolalavilapalamos\/wp-json\/wp\/v2\/users\/5"}],"replies":[{"embeddable":true,"href":"https:\/\/agora.xtec.cat\/escolalavilapalamos\/wp-json\/wp\/v2\/comments?post=8850"}],"version-history":[{"count":3,"href":"https:\/\/agora.xtec.cat\/escolalavilapalamos\/wp-json\/wp\/v2\/posts\/8850\/revisions"}],"predecessor-version":[{"id":8854,"href":"https:\/\/agora.xtec.cat\/escolalavilapalamos\/wp-json\/wp\/v2\/posts\/8850\/revisions\/8854"}],"wp:featuredmedia":[{"embeddable":true,"href":"https:\/\/agora.xtec.cat\/escolalavilapalamos\/wp-json\/wp\/v2\/media\/8853"}],"wp:attachment":[{"href":"https:\/\/agora.xtec.cat\/escolalavilapalamos\/wp-json\/wp\/v2\/media?parent=8850"}],"wp:term":[{"taxonomy":"category","embeddable":true,"href":"https:\/\/agora.xtec.cat\/escolalavilapalamos\/wp-json\/wp\/v2\/categories?post=8850"},{"taxonomy":"post_tag","embeddable":true,"href":"https:\/\/agora.xtec.cat\/escolalavilapalamos\/wp-json\/wp\/v2\/tags?post=8850"}],"curies":[{"name":"wp","href":"https:\/\/api.w.org\/{rel}","templated":true}]}}