{"id":8843,"date":"2020-12-10T09:33:11","date_gmt":"2020-12-10T08:33:11","guid":{"rendered":"http:\/\/agora.xtec.cat\/escolalavilapalamos\/?p=8843"},"modified":"2021-01-14T11:11:32","modified_gmt":"2021-01-14T10:11:32","slug":"cros-escolar-2020-a-palamos","status":"publish","type":"post","link":"https:\/\/agora.xtec.cat\/escolalavilapalamos\/infantil\/cros-escolar-2020-a-palamos\/","title":{"rendered":"Cros Escolar 2020 a Palam\u00f3s"},"content":{"rendered":"<p style=\"text-align: center;\"><a href=\"https:\/\/youtu.be\/SLzeDRwtknk\"><img loading=\"lazy\" decoding=\"async\" class=\"alignnone wp-image-8846\" src=\"https:\/\/agora.xtec.cat\/escolalavilapalamos\/wp-content\/uploads\/usu897\/2021\/01\/POSTER-CROS-2020-LA-VILA-724x1024.jpg\" alt=\"\" width=\"626\" height=\"885\" srcset=\"https:\/\/agora.xtec.cat\/escolalavilapalamos\/wp-content\/uploads\/usu897\/2021\/01\/POSTER-CROS-2020-LA-VILA-724x1024.jpg 724w, https:\/\/agora.xtec.cat\/escolalavilapalamos\/wp-content\/uploads\/usu897\/2021\/01\/POSTER-CROS-2020-LA-VILA-212x300.jpg 212w, https:\/\/agora.xtec.cat\/escolalavilapalamos\/wp-content\/uploads\/usu897\/2021\/01\/POSTER-CROS-2020-LA-VILA-768x1086.jpg 768w\" sizes=\"auto, (max-width: 626px) 100vw, 626px\" \/><\/a><\/p>\n<p>&nbsp;<\/p>\n<p>Despr\u00e9s d&#8217;haver realitzat el Cros Escolar a les diferents escoles del poble, des de l&#8217;\u00e0rea d&#8217;esports de l&#8217;Ajuntament de Palam\u00f3s, ens han fet arribar aquest v\u00eddeo. Clicant sobre ell podreu visualitzar com cada centre va organitzar aquesta festa de l&#8217;esport.<\/p>\n<p>&nbsp;<\/p>\n","protected":false},"excerpt":{"rendered":"<p><a href=\"https:\/\/youtu.be\/SLzeDRwtknk\"><\/a><br \/>\n&nbsp;<br \/>\nDespr\u00e9s d&#8217;haver realitzat el Cros Escolar a les diferents escoles del poble, des de l&#8217;\u00e0rea d&#8217;esports de l&#8217;Ajuntament de Palam\u00f3s, ens han fet arribar aquest v\u00eddeo. Clicant sobre ell podreu visualitzar com cada centre va organitzar aquesta festa de l&#8217;esport.<br \/>\n&nbsp;<\/p>\n","protected":false},"author":167,"featured_media":8846,"comment_status":"open","ping_status":"closed","sticky":false,"template":"","format":"standard","meta":{"_bbp_topic_count":0,"_bbp_reply_count":0,"_bbp_total_topic_count":0,"_bbp_total_reply_count":0,"_bbp_voice_count":0,"_bbp_anonymous_reply_count":0,"_bbp_topic_count_hidden":0,"_bbp_reply_count_hidden":0,"_bbp_forum_subforum_count":0,"footnotes":""},"categories":[128,127,2,70,67,4],"tags":[],"class_list":["post-8843","post","type-post","status-publish","format-standard","has-post-thumbnail","hentry","category-comunitat-de-grans","category-comunitat-de-mitjans","category-infantil","category-efi","category-especialistes","category-portada"],"post_mailing_queue_ids":[],"_links":{"self":[{"href":"https:\/\/agora.xtec.cat\/escolalavilapalamos\/wp-json\/wp\/v2\/posts\/8843","targetHints":{"allow":["GET"]}}],"collection":[{"href":"https:\/\/agora.xtec.cat\/escolalavilapalamos\/wp-json\/wp\/v2\/posts"}],"about":[{"href":"https:\/\/agora.xtec.cat\/escolalavilapalamos\/wp-json\/wp\/v2\/types\/post"}],"author":[{"embeddable":true,"href":"https:\/\/agora.xtec.cat\/escolalavilapalamos\/wp-json\/wp\/v2\/users\/167"}],"replies":[{"embeddable":true,"href":"https:\/\/agora.xtec.cat\/escolalavilapalamos\/wp-json\/wp\/v2\/comments?post=8843"}],"version-history":[{"count":3,"href":"https:\/\/agora.xtec.cat\/escolalavilapalamos\/wp-json\/wp\/v2\/posts\/8843\/revisions"}],"predecessor-version":[{"id":8849,"href":"https:\/\/agora.xtec.cat\/escolalavilapalamos\/wp-json\/wp\/v2\/posts\/8843\/revisions\/8849"}],"wp:featuredmedia":[{"embeddable":true,"href":"https:\/\/agora.xtec.cat\/escolalavilapalamos\/wp-json\/wp\/v2\/media\/8846"}],"wp:attachment":[{"href":"https:\/\/agora.xtec.cat\/escolalavilapalamos\/wp-json\/wp\/v2\/media?parent=8843"}],"wp:term":[{"taxonomy":"category","embeddable":true,"href":"https:\/\/agora.xtec.cat\/escolalavilapalamos\/wp-json\/wp\/v2\/categories?post=8843"},{"taxonomy":"post_tag","embeddable":true,"href":"https:\/\/agora.xtec.cat\/escolalavilapalamos\/wp-json\/wp\/v2\/tags?post=8843"}],"curies":[{"name":"wp","href":"https:\/\/api.w.org\/{rel}","templated":true}]}}