{"id":8778,"date":"2020-12-21T09:41:58","date_gmt":"2020-12-21T08:41:58","guid":{"rendered":"http:\/\/agora.xtec.cat\/escolalavilapalamos\/?p=8778"},"modified":"2020-12-26T18:54:27","modified_gmt":"2020-12-26T17:54:27","slug":"el-nadal-arriba-a-lescola-4","status":"publish","type":"post","link":"https:\/\/agora.xtec.cat\/escolalavilapalamos\/general\/el-nadal-arriba-a-lescola-4\/","title":{"rendered":"El Nadal arriba a l&#8217;escola"},"content":{"rendered":"<p><img loading=\"lazy\" decoding=\"async\" class=\"alignright\" src=\"https:\/\/rosamariaartal.files.wordpress.com\/2010\/12\/trineo20santa20claus.gif?w=600\" width=\"356\" height=\"122\" \/><\/p>\n<p>Com cada any, el Nadal arriba a l&#8217;Escola La Vila. Per la situaci\u00f3 excepcional de la pand\u00e8mia del COVID19 no podem fer les cantades de nadales que f\u00e8iem en el pavell\u00f3 els dies abans de Nadal per\u00f2 ens adaptem i estem preparant un munt de sorpreses online.<\/p>\n<p><a class=\"wp-image-2177 alignleft\" href=\"http:\/\/agora.xtec.cat\/escolalavilapalamos\/wp-content\/uploads\/usu897\/2014\/10\/20140411-xuxulanstrum-catradio3.png\"><img loading=\"lazy\" decoding=\"async\" class=\"wp-image-2177 alignleft\" src=\"http:\/\/agora.xtec.cat\/escolalavilapalamos\/wp-content\/uploads\/usu897\/2014\/10\/20140411-xuxulanstrum-catradio3.png\" sizes=\"auto, (max-width: 391px) 100vw, 391px\" srcset=\"https:\/\/agora.xtec.cat\/escolalavilapalamos\/wp-content\/uploads\/usu897\/2014\/10\/20140411-xuxulanstrum-catradio3.png 550w, https:\/\/agora.xtec.cat\/escolalavilapalamos\/wp-content\/uploads\/usu897\/2014\/10\/20140411-xuxulanstrum-catradio3-300x210.png 300w\" alt=\"\" width=\"251\" height=\"175\" \/><\/a>El divendres 18 de desembre a la comunitat de petits i mitjans cagarem el ti\u00f3.<\/p>\n<p>El dilluns\u00a0 21 de desembre arriba el <strong>patge dels Reis Mags<\/strong> per recollir les cartes dels nens i nenes de l\u2019escola. La comunitat de grans far\u00e0 cagar el ti\u00f3 i l&#8217;amic invisible.<\/p>\n<p><strong>El dilluns 21 de desembre les classes acaben a les 12:30h. Hi ha servei de menjador fins a les 15h. A la tarda no hi ha classe ni extraescolars.<br \/>\n<\/strong><\/p>\n<h5><span style=\"color: #0000ff;\">Les vacances de Nadal s\u00f3n del dilluns 21 de desembre a la tarda fins el diumenge 10 de gener de 2021, incl\u00f2s. Les classes es reprenen el dilluns 11 de gener de 2021.<\/span><\/h5>\n<h5><span style=\"color: #0000ff;\">Bones Festes i Bon any 2021 !<\/span><\/h5>\n","protected":false},"excerpt":{"rendered":"<p>Com cada any, el Nadal arriba a l&#8217;Escola La Vila. Per la situaci\u00f3 excepcional de la pand\u00e8mia del COVID19 no podem fer les cantades de nadales que f\u00e8iem en el pavell\u00f3 els dies abans de Nadal per\u00f2 ens adaptem i estem preparant un munt de&hellip;  <a href=\"https:\/\/agora.xtec.cat\/escolalavilapalamos\/general\/el-nadal-arriba-a-lescola-4\/\" title=\"Read El Nadal arriba a l&#8217;escola\">Llegeix m\u00e9s\u00bb<\/a><\/p>\n","protected":false},"author":1,"featured_media":8779,"comment_status":"open","ping_status":"closed","sticky":false,"template":"","format":"standard","meta":{"_bbp_topic_count":0,"_bbp_reply_count":0,"_bbp_total_topic_count":0,"_bbp_total_reply_count":0,"_bbp_voice_count":0,"_bbp_anonymous_reply_count":0,"_bbp_topic_count_hidden":0,"_bbp_reply_count_hidden":0,"_bbp_forum_subforum_count":0,"footnotes":""},"categories":[1,4],"tags":[],"class_list":["post-8778","post","type-post","status-publish","format-standard","has-post-thumbnail","hentry","category-general","category-portada"],"post_mailing_queue_ids":[],"_links":{"self":[{"href":"https:\/\/agora.xtec.cat\/escolalavilapalamos\/wp-json\/wp\/v2\/posts\/8778","targetHints":{"allow":["GET"]}}],"collection":[{"href":"https:\/\/agora.xtec.cat\/escolalavilapalamos\/wp-json\/wp\/v2\/posts"}],"about":[{"href":"https:\/\/agora.xtec.cat\/escolalavilapalamos\/wp-json\/wp\/v2\/types\/post"}],"author":[{"embeddable":true,"href":"https:\/\/agora.xtec.cat\/escolalavilapalamos\/wp-json\/wp\/v2\/users\/1"}],"replies":[{"embeddable":true,"href":"https:\/\/agora.xtec.cat\/escolalavilapalamos\/wp-json\/wp\/v2\/comments?post=8778"}],"version-history":[{"count":1,"href":"https:\/\/agora.xtec.cat\/escolalavilapalamos\/wp-json\/wp\/v2\/posts\/8778\/revisions"}],"predecessor-version":[{"id":8780,"href":"https:\/\/agora.xtec.cat\/escolalavilapalamos\/wp-json\/wp\/v2\/posts\/8778\/revisions\/8780"}],"wp:featuredmedia":[{"embeddable":true,"href":"https:\/\/agora.xtec.cat\/escolalavilapalamos\/wp-json\/wp\/v2\/media\/8779"}],"wp:attachment":[{"href":"https:\/\/agora.xtec.cat\/escolalavilapalamos\/wp-json\/wp\/v2\/media?parent=8778"}],"wp:term":[{"taxonomy":"category","embeddable":true,"href":"https:\/\/agora.xtec.cat\/escolalavilapalamos\/wp-json\/wp\/v2\/categories?post=8778"},{"taxonomy":"post_tag","embeddable":true,"href":"https:\/\/agora.xtec.cat\/escolalavilapalamos\/wp-json\/wp\/v2\/tags?post=8778"}],"curies":[{"name":"wp","href":"https:\/\/api.w.org\/{rel}","templated":true}]}}