{"id":8769,"date":"2020-12-18T12:58:36","date_gmt":"2020-12-18T11:58:36","guid":{"rendered":"http:\/\/agora.xtec.cat\/escolalavilapalamos\/?p=8769"},"modified":"2020-12-21T09:45:44","modified_gmt":"2020-12-21T08:45:44","slug":"vols-que-ho-provem-junts","status":"publish","type":"post","link":"https:\/\/agora.xtec.cat\/escolalavilapalamos\/general\/vols-que-ho-provem-junts\/","title":{"rendered":"Vols que ho provem junts?"},"content":{"rendered":"<ul>\n<li style=\"text-align: center;\"><em>A mi aix\u00f2 no em surt\u2026<a href=\"https:\/\/agora.xtec.cat\/escolalavilapalamos\/wp-content\/uploads\/usu897\/2020\/12\/20201028_153427.jpg\"><img loading=\"lazy\" decoding=\"async\" class=\" wp-image-8776 alignright\" src=\"https:\/\/agora.xtec.cat\/escolalavilapalamos\/wp-content\/uploads\/usu897\/2020\/12\/20201028_153427-300x225.jpg\" alt=\"\" width=\"375\" height=\"281\" srcset=\"https:\/\/agora.xtec.cat\/escolalavilapalamos\/wp-content\/uploads\/usu897\/2020\/12\/20201028_153427-300x225.jpg 300w, https:\/\/agora.xtec.cat\/escolalavilapalamos\/wp-content\/uploads\/usu897\/2020\/12\/20201028_153427-768x576.jpg 768w, https:\/\/agora.xtec.cat\/escolalavilapalamos\/wp-content\/uploads\/usu897\/2020\/12\/20201028_153427-1024x768.jpg 1024w, https:\/\/agora.xtec.cat\/escolalavilapalamos\/wp-content\/uploads\/usu897\/2020\/12\/20201028_153427-200x150.jpg 200w, https:\/\/agora.xtec.cat\/escolalavilapalamos\/wp-content\/uploads\/usu897\/2020\/12\/20201028_153427.jpg 1263w\" sizes=\"auto, (max-width: 375px) 100vw, 375px\" \/><\/a><\/em><\/li>\n<li style=\"text-align: center;\"><em>Vine, que t\u2019ajudo!<\/em><\/li>\n<li style=\"text-align: center;\"><em>\u00c9s que jo no s\u00e9 dibuixar\u2026<\/em><\/li>\n<li style=\"text-align: center;\"><em>Vols que t\u2019ensenyi un truc per dibuixar-ho?<\/em><\/li>\n<li style=\"text-align: center;\"><em>I si ho proves aix\u00ed?<\/em><\/li>\n<li style=\"text-align: center;\"><em>Que no me&#8217;n surto!<\/em><\/li>\n<li style=\"text-align: center;\"><em>Vols que ho provem junts?<\/em><\/li>\n<li style=\"text-align: center;\"><em>Si&#8230; <\/em><em>Mira, ho he aconseguit! Gr\u00e0cies!<br \/>\n<\/em><\/li>\n<li style=\"text-align: center;\"><em>Ostres, t\u2019ha quedat super b\u00e9&#8230;<\/em><\/li>\n<\/ul>\n<p style=\"text-align: left;\">Aquestes s\u00f3n algunes de les frases que m\u00e9s s\u2019escolten a les aules de 6\u00e8 les tardes que ens dediquem a l\u2019Art i l\u2019Expressi\u00f3 Pl\u00e0stica.<\/p>\n<p style=\"text-align: left;\">A trav\u00e9s de diverses activitats fomentem la creativitat, descobrim noves t\u00e8cniques, nous artistes i ens expressem, a la nostra manera. A alguns ens costa m\u00e9s aix\u00f2 de dibuixar, cosir, pintar amb pinzells\u2026 per\u00f2 amb l\u2019ajuda dels companys i companyes i en un ambient tranquil i agradable, aconseguim aut\u00e8ntiques meravelles!<\/p>\n<p style=\"text-align: left;\">Acabem veient que, moltes vegades, les coses surten m\u00e9s b\u00e9 si ho fem junts!<\/p>\n<p style=\"text-align: left;\">Fins ara hem fet un dibuix al natural amb perspectiva de l\u2019escola, hem treballat el punt de fuga per entendre com donar profunditat a una imatge de 2 dimensions i ens en hem sortit prou b\u00e9. Tamb\u00e9 hem conegut l\u2019artista neerland\u00e8s Piet Mondrian, pintor avantguardista que utilitzava els colors primaris en les seves obres m\u00e9s conegudes i moltes d\u2019elles es basen simplement en composicions de l\u00ednies horitzontals i verticals. Fins i tot ens hem atrevit a crear les nostres pr\u00f2pies composicions!<\/p>\n<p style=\"text-align: left;\">Tamb\u00e9 hem descobert la relaci\u00f3 entre l\u2019art i les matem\u00e0tiques a trav\u00e9s de l\u2019espiral de Fibonacci. No hagu\u00e9ssim dit mai que pod\u00edem dibuixar un cargol preci\u00f3s mitjan\u00e7ant les mates i el c\u00e0lcul\u2026<\/p>\n<p style=\"text-align: left;\">Actualment hem comen\u00e7at un projecte de disseny i confecci\u00f3 d\u2019un coix\u00ed, per\u00f2 abans hem practicat cosint un ocell ben divertit. Ens ha calgut paci\u00e8ncia, calma, i perseveran\u00e7a, per\u00f2 com sempre, ajudant-nos els uns als altres, tot acaba sortint.<\/p>\n<p style=\"text-align: left;\">Esperem seguir gaudint d\u2019aquestes estones i fent nous descobriments sorprenents dins del m\u00f3n de l&#8217;Art.<\/p>\n<p style=\"text-align: left;\">Podeu veure una petita mostra de tot aix\u00f2 en l\u2019enlla\u00e7 que us deixem.<\/p>\n<p style=\"text-align: left;\"><a href=\"https:\/\/photos.app.goo.gl\/ZxeT3QQZxMjnrida8\"><span style=\"text-decoration: underline;\"><strong>Art a 6\u00e8<\/strong><\/span><\/a><\/p>\n","protected":false},"excerpt":{"rendered":"<ul>\n<li style=\"text-align: center;\">A mi aix\u00f2 no em surt\u2026<a href=\"https:\/\/agora.xtec.cat\/escolalavilapalamos\/wp-content\/uploads\/usu897\/2020\/12\/20201028_153427.jpg\"><\/a><\/li>\n<li style=\"text-align: center;\">Vine, que t\u2019ajudo!<\/li>\n<li style=\"text-align: center;\">\u00c9s que jo no s\u00e9 dibuixar\u2026<\/li>\n<li style=\"text-align: center;\">Vols que t\u2019ensenyi un truc per dibuixar-ho?<\/li>\n<li style=\"text-align: center;\">I si ho proves aix\u00ed?<\/li>\n<li style=\"text-align: center;\">Que no me&#8217;n surto!<\/li>\n<li style=\"text-align: center;\">Vols que ho provem junts?<\/li>\n<li&hellip;  <a href=\"https:\/\/agora.xtec.cat\/escolalavilapalamos\/general\/vols-que-ho-provem-junts\/\" title=\"Read Vols que ho provem junts?\">Llegeix m\u00e9s\u00bb<\/a><br \/>\n","protected":false},"author":132,"featured_media":8776,"comment_status":"open","ping_status":"closed","sticky":false,"template":"","format":"standard","meta":{"_bbp_topic_count":0,"_bbp_reply_count":0,"_bbp_total_topic_count":0,"_bbp_total_reply_count":0,"_bbp_voice_count":0,"_bbp_anonymous_reply_count":0,"_bbp_topic_count_hidden":0,"_bbp_reply_count_hidden":0,"_bbp_forum_subforum_count":0,"footnotes":""},"categories":[15,127,1,4,5],"tags":[105,132,82,133,17],"class_list":["post-8769","post","type-post","status-publish","format-standard","has-post-thumbnail","hentry","category-6e","category-comunitat-de-mitjans","category-general","category-portada","category-primaria","tag-6e","tag-art","tag-cicle-superior","tag-educacio-artistica","tag-plastica"],"post_mailing_queue_ids":[],"_links":{"self":[{"href":"https:\/\/agora.xtec.cat\/escolalavilapalamos\/wp-json\/wp\/v2\/posts\/8769","targetHints":{"allow":["GET"]}}],"collection":[{"href":"https:\/\/agora.xtec.cat\/escolalavilapalamos\/wp-json\/wp\/v2\/posts"}],"about":[{"href":"https:\/\/agora.xtec.cat\/escolalavilapalamos\/wp-json\/wp\/v2\/types\/post"}],"author":[{"embeddable":true,"href":"https:\/\/agora.xtec.cat\/escolalavilapalamos\/wp-json\/wp\/v2\/users\/132"}],"replies":[{"embeddable":true,"href":"https:\/\/agora.xtec.cat\/escolalavilapalamos\/wp-json\/wp\/v2\/comments?post=8769"}],"version-history":[{"count":3,"href":"https:\/\/agora.xtec.cat\/escolalavilapalamos\/wp-json\/wp\/v2\/posts\/8769\/revisions"}],"predecessor-version":[{"id":8777,"href":"https:\/\/agora.xtec.cat\/escolalavilapalamos\/wp-json\/wp\/v2\/posts\/8769\/revisions\/8777"}],"wp:featuredmedia":[{"embeddable":true,"href":"https:\/\/agora.xtec.cat\/escolalavilapalamos\/wp-json\/wp\/v2\/media\/8776"}],"wp:attachment":[{"href":"https:\/\/agora.xtec.cat\/escolalavilapalamos\/wp-json\/wp\/v2\/media?parent=8769"}],"wp:term":[{"taxonomy":"category","embeddable":true,"href":"https:\/\/agora.xtec.cat\/escolalavilapalamos\/wp-json\/wp\/v2\/categories?post=8769"},{"taxonomy":"post_tag","embeddable":true,"href":"https:\/\/agora.xtec.cat\/escolalavilapalamos\/wp-json\/wp\/v2\/tags?post=8769"}],"curies":[{"name":"wp","href":"https:\/\/api.w.org\/{rel}","templated":true}]}}