{"id":876,"date":"2019-11-15T08:00:20","date_gmt":"2019-11-15T07:00:20","guid":{"rendered":"http:\/\/agora.xtec.cat\/escolalavilapalamos\/?p=876"},"modified":"2019-12-10T11:53:51","modified_gmt":"2019-12-10T10:53:51","slug":"primers-auxilis","status":"publish","type":"post","link":"https:\/\/agora.xtec.cat\/escolalavilapalamos\/general\/primers-auxilis\/","title":{"rendered":"Taller de primers auxilis"},"content":{"rendered":"<h4><a href=\"https:\/\/agora.xtec.cat\/escolalavilapalamos\/wp-content\/uploads\/usu897\/2019\/11\/captura-de-pantalla-2012-07-05-a-las-11-05-39-1.png\"><img loading=\"lazy\" decoding=\"async\" class=\"size-full wp-image-6818 alignright\" src=\"https:\/\/agora.xtec.cat\/escolalavilapalamos\/wp-content\/uploads\/usu897\/2019\/11\/captura-de-pantalla-2012-07-05-a-las-11-05-39-1.png\" alt=\"\" width=\"321\" height=\"237\" srcset=\"https:\/\/agora.xtec.cat\/escolalavilapalamos\/wp-content\/uploads\/usu897\/2019\/11\/captura-de-pantalla-2012-07-05-a-las-11-05-39-1.png 321w, https:\/\/agora.xtec.cat\/escolalavilapalamos\/wp-content\/uploads\/usu897\/2019\/11\/captura-de-pantalla-2012-07-05-a-las-11-05-39-1-300x221.png 300w\" sizes=\"auto, (max-width: 321px) 100vw, 321px\" \/><\/a>Reporters La Vila<\/h4>\n<p>El proper <strong>dimarts 19 de novembre<\/strong> es far\u00e0 un taller de primers auxilis al pavell\u00f3 de l&#8217;escola. En aquest taller s&#8217;explicaran algunes actuacions en primers auxilis i cures b\u00e0siques. Es faran casos pr\u00e0ctics i participatius\u00a0 formant grups de\u00a0 roll-play per\u00a0 integrar els coneixements explicats. Hi ha places limitades inscripci\u00f3 <a href=\"mailto:lavila.ampa@gmail.com\">lavila.ampa@gmail.com<\/a> (abans del 17 novembre).<\/p>\n<p>Objectius del taller:<\/p>\n<ul>\n<li>Promocionar coneixements b\u00e0sics par detectar possibles incidents.<\/li>\n<li>Com alertar correctament.<\/li>\n<li>Aprende qu\u00e8 fer en els casos m\u00e9s comuns d accidents o malaties agudes.<\/li>\n<\/ul>\n<p>Contingut:<\/p>\n<ul>\n<li>S\u00edmptomes i signes d&#8217;alarma. Qu\u00e8 fer en cas de:\u00a0 febre \/convulsi\u00f3 febril- Primera atenci\u00f3, qu\u00e8 fer ? Traumatismes, cremades i ferides, primeres cures. Ennuagaments i signes vitals-maniobra de Heimlich i PLS, etc.<\/li>\n<\/ul>\n<p>Ho impartiran Dolors Alsina (metgesa de l&#8217;ABS) i Xavi Larumbe (t\u00e8cnic d&#8217;emerg\u00e8ncies sanit\u00e0ries )<\/p>\n<p>&nbsp;<\/p>\n","protected":false},"excerpt":{"rendered":"<p><a href=\"https:\/\/agora.xtec.cat\/escolalavilapalamos\/wp-content\/uploads\/usu897\/2019\/11\/captura-de-pantalla-2012-07-05-a-las-11-05-39-1.png\"><\/a>Reporters La Vila<br \/>\nEl proper dimarts 19 de novembre es far\u00e0 un taller de primers auxilis al pavell\u00f3 de l&#8217;escola. En aquest taller s&#8217;explicaran algunes actuacions en primers auxilis i cures b\u00e0siques. Es faran casos pr\u00e0ctics i participatius\u00a0 formant grups de\u00a0 roll-play per\u00a0 integrar els&hellip;  <a href=\"https:\/\/agora.xtec.cat\/escolalavilapalamos\/general\/primers-auxilis\/\" title=\"Read Taller de primers auxilis\">Llegeix m\u00e9s\u00bb<\/a><\/p>\n","protected":false},"author":1,"featured_media":6818,"comment_status":"open","ping_status":"closed","sticky":false,"template":"","format":"standard","meta":{"_bbp_topic_count":0,"_bbp_reply_count":0,"_bbp_total_topic_count":0,"_bbp_total_reply_count":0,"_bbp_voice_count":0,"_bbp_anonymous_reply_count":0,"_bbp_topic_count_hidden":0,"_bbp_reply_count_hidden":0,"_bbp_forum_subforum_count":0,"footnotes":""},"categories":[7,1,4,5],"tags":[],"class_list":["post-876","post","type-post","status-publish","format-standard","has-post-thumbnail","hentry","category-ampa","category-general","category-portada","category-primaria"],"post_mailing_queue_ids":[],"_links":{"self":[{"href":"https:\/\/agora.xtec.cat\/escolalavilapalamos\/wp-json\/wp\/v2\/posts\/876","targetHints":{"allow":["GET"]}}],"collection":[{"href":"https:\/\/agora.xtec.cat\/escolalavilapalamos\/wp-json\/wp\/v2\/posts"}],"about":[{"href":"https:\/\/agora.xtec.cat\/escolalavilapalamos\/wp-json\/wp\/v2\/types\/post"}],"author":[{"embeddable":true,"href":"https:\/\/agora.xtec.cat\/escolalavilapalamos\/wp-json\/wp\/v2\/users\/1"}],"replies":[{"embeddable":true,"href":"https:\/\/agora.xtec.cat\/escolalavilapalamos\/wp-json\/wp\/v2\/comments?post=876"}],"version-history":[{"count":4,"href":"https:\/\/agora.xtec.cat\/escolalavilapalamos\/wp-json\/wp\/v2\/posts\/876\/revisions"}],"predecessor-version":[{"id":6881,"href":"https:\/\/agora.xtec.cat\/escolalavilapalamos\/wp-json\/wp\/v2\/posts\/876\/revisions\/6881"}],"wp:featuredmedia":[{"embeddable":true,"href":"https:\/\/agora.xtec.cat\/escolalavilapalamos\/wp-json\/wp\/v2\/media\/6818"}],"wp:attachment":[{"href":"https:\/\/agora.xtec.cat\/escolalavilapalamos\/wp-json\/wp\/v2\/media?parent=876"}],"wp:term":[{"taxonomy":"category","embeddable":true,"href":"https:\/\/agora.xtec.cat\/escolalavilapalamos\/wp-json\/wp\/v2\/categories?post=876"},{"taxonomy":"post_tag","embeddable":true,"href":"https:\/\/agora.xtec.cat\/escolalavilapalamos\/wp-json\/wp\/v2\/tags?post=876"}],"curies":[{"name":"wp","href":"https:\/\/api.w.org\/{rel}","templated":true}]}}