{"id":8755,"date":"2020-12-17T11:02:03","date_gmt":"2020-12-17T10:02:03","guid":{"rendered":"http:\/\/agora.xtec.cat\/escolalavilapalamos\/?p=8755"},"modified":"2020-12-17T11:05:58","modified_gmt":"2020-12-17T10:05:58","slug":"escoles-obertes-escoles-segures","status":"publish","type":"post","link":"https:\/\/agora.xtec.cat\/escolalavilapalamos\/general\/escoles-obertes-escoles-segures\/","title":{"rendered":"Escoles obertes. Escoles segures"},"content":{"rendered":"<p><span class=\"d2edcug0 hpfvmrgz qv66sw1b c1et5uql rrkovp55 a8c37x1j keod5gw0 nxhoafnm aigsh9s9 d3f4x2em fe6kdd0r mau55g9w c8b282yb iv3no6db jq4qci2q a3bd9o3v knj5qynh oo9gr5id hzawbc8m\" dir=\"auto\">La nostra escola ha participat a l&#8217;audiovisual del Departament d&#8217;educaci\u00f3 d&#8217;<strong>Escoles obertes. Escoles segures<\/strong> on es fa un agra\u00efment a tota la comunitat educativa de Catalunya per aquest primer trimestre tant at\u00edpic del curs 2020-21.<\/span><\/p>\n<div class=\"\" dir=\"auto\">\n<div id=\"jsc_c_j4\" class=\"ecm0bbzt hv4rvrfc ihqw7lf3 dati1w0a\" data-ad-comet-preview=\"message\" data-ad-preview=\"message\">\n<div class=\"j83agx80 cbu4d94t ew0dbk1b irj2b8pg\">\n<div class=\"qzhwtbm6 knvmm38d\">\n<div class=\"kvgmc6g5 cxmmr5t8 oygrvhab hcukyx3x c1et5uql ii04i59q\">\n<p dir=\"auto\"><span class=\"pq6dq46d tbxw36s4 knj5qynh kvgmc6g5 ditlmg2l oygrvhab nvdbi5me sf5mxxl7 gl3lb2sf hhz5lgdu\"><img loading=\"lazy\" decoding=\"async\" src=\"https:\/\/static.xx.fbcdn.net\/images\/emoji.php\/v9\/tb8\/1.5\/16\/1f4f9.png\" alt=\"\ud83d\udcf9\" width=\"16\" height=\"16\" \/><\/span> Gr\u00e0cies als m\u00e9s de 160.000 professionals que fem realitat les escoles de Catalunya.<\/p>\n<p dir=\"auto\"><span class=\"pq6dq46d tbxw36s4 knj5qynh kvgmc6g5 ditlmg2l oygrvhab nvdbi5me sf5mxxl7 gl3lb2sf hhz5lgdu\"><img loading=\"lazy\" decoding=\"async\" src=\"https:\/\/static.xx.fbcdn.net\/images\/emoji.php\/v9\/te3\/1.5\/16\/1f468_200d_1f469_200d_1f467_200d_1f467.png\" alt=\"\ud83d\udc68\u200d\ud83d\udc69\u200d\ud83d\udc67\u200d\ud83d\udc67\" width=\"16\" height=\"16\" \/><\/span> Gr\u00e0cies a les fam\u00edlies i als alumnes per la vostra implicaci\u00f3<\/p>\n<p dir=\"auto\"><span class=\"pq6dq46d tbxw36s4 knj5qynh kvgmc6g5 ditlmg2l oygrvhab nvdbi5me sf5mxxl7 gl3lb2sf hhz5lgdu\"><img loading=\"lazy\" decoding=\"async\" src=\"https:\/\/static.xx.fbcdn.net\/images\/emoji.php\/v9\/tfd\/1.5\/16\/1f392.png\" alt=\"\ud83c\udf92\" width=\"16\" height=\"16\" \/><\/span> Gr\u00e0cies a totes i a tots per haver fet possible aquest primer trimestre!<\/p>\n<\/div>\n<div class=\"o9v6fnle cxmmr5t8 oygrvhab hcukyx3x c1et5uql ii04i59q\">\n<p dir=\"auto\"><span class=\"pq6dq46d tbxw36s4 knj5qynh kvgmc6g5 ditlmg2l oygrvhab nvdbi5me sf5mxxl7 gl3lb2sf hhz5lgdu\"><img loading=\"lazy\" decoding=\"async\" src=\"https:\/\/static.xx.fbcdn.net\/images\/emoji.php\/v9\/tc5\/1.5\/16\/1f4aa.png\" alt=\"\ud83d\udcaa\" width=\"16\" height=\"16\" \/><\/span> Ara gaudim de les vacances amb responsabilitat, conven\u00e7uts que aquesta crisi la superarem amb les <a class=\"oajrlxb2 g5ia77u1 qu0x051f esr5mh6w e9989ue4 r7d6kgcz rq0escxv nhd2j8a9 nc684nl6 p7hjln8o kvgmc6g5 cxmmr5t8 oygrvhab hcukyx3x jb3vyjys rz4wbd8a qt6c0cv9 a8nywdso i1ao9s8h esuyzwwr f1sip0of lzcic4wl q66pz984 gpro0wi8 b1v8xokw\" tabindex=\"0\" role=\"link\" href=\"https:\/\/www.facebook.com\/hashtag\/escolesobertes?__eep__=6&amp;__cft__[0]=AZW4cBlOWbEXjsFhHReLUnZeXDebXiJJVI2xAt3zCzE--t5XG30eF3YGpd1wNCaHdUVH_6edPsfEF7aek9KpHaQDf6ivSKH4-ML8ainChmGQyr79DmzP8OowBpGjZqszIBUVJux3rVQYNN_LoPqhCsuD2YsA5US9UOoXUbbscmXUwA&amp;__tn__=*NK-R\">#EscolesObertes<\/a> i les <a class=\"oajrlxb2 g5ia77u1 qu0x051f esr5mh6w e9989ue4 r7d6kgcz rq0escxv nhd2j8a9 nc684nl6 p7hjln8o kvgmc6g5 cxmmr5t8 oygrvhab hcukyx3x jb3vyjys rz4wbd8a qt6c0cv9 a8nywdso i1ao9s8h esuyzwwr f1sip0of lzcic4wl q66pz984 gpro0wi8 b1v8xokw\" tabindex=\"0\" role=\"link\" href=\"https:\/\/www.facebook.com\/hashtag\/escolessegures?__eep__=6&amp;__cft__[0]=AZW4cBlOWbEXjsFhHReLUnZeXDebXiJJVI2xAt3zCzE--t5XG30eF3YGpd1wNCaHdUVH_6edPsfEF7aek9KpHaQDf6ivSKH4-ML8ainChmGQyr79DmzP8OowBpGjZqszIBUVJux3rVQYNN_LoPqhCsuD2YsA5US9UOoXUbbscmXUwA&amp;__tn__=*NK-R\">#EscolesSegures<\/a><\/p>\n<\/div>\n<\/div>\n<\/div>\n<\/div>\n<\/div>\n<p><iframe loading=\"lazy\" src=\"\/\/www.youtube.com\/embed\/XBZ1x2OFzC4\" width=\"560\" height=\"314\"><\/iframe><\/p>\n<p><iframe loading=\"lazy\" src=\"\/\/www.youtube.com\/embed\/7k6aZV2ogKs\" width=\"560\" height=\"314\"><\/iframe><\/p>\n<p>&nbsp;<\/p>\n","protected":false},"excerpt":{"rendered":"<p>La nostra escola ha participat a l&#8217;audiovisual del Departament d&#8217;educaci\u00f3 d&#8217;Escoles obertes. Escoles segures on es fa un agra\u00efment a tota la comunitat educativa de Catalunya per aquest primer trimestre tant at\u00edpic del curs 2020-21.<\/p>\n<p> Gr\u00e0cies als m\u00e9s de 160.000 professionals que fem realitat les&hellip;  <a href=\"https:\/\/agora.xtec.cat\/escolalavilapalamos\/general\/escoles-obertes-escoles-segures\/\" title=\"Read Escoles obertes. Escoles segures\">Llegeix m\u00e9s\u00bb<\/a><\/p>\n","protected":false},"author":1,"featured_media":8758,"comment_status":"open","ping_status":"closed","sticky":false,"template":"","format":"standard","meta":{"_bbp_topic_count":0,"_bbp_reply_count":0,"_bbp_total_topic_count":0,"_bbp_total_reply_count":0,"_bbp_voice_count":0,"_bbp_anonymous_reply_count":0,"_bbp_topic_count_hidden":0,"_bbp_reply_count_hidden":0,"_bbp_forum_subforum_count":0,"footnotes":""},"categories":[1,4],"tags":[],"class_list":["post-8755","post","type-post","status-publish","format-standard","has-post-thumbnail","hentry","category-general","category-portada"],"post_mailing_queue_ids":[],"_links":{"self":[{"href":"https:\/\/agora.xtec.cat\/escolalavilapalamos\/wp-json\/wp\/v2\/posts\/8755","targetHints":{"allow":["GET"]}}],"collection":[{"href":"https:\/\/agora.xtec.cat\/escolalavilapalamos\/wp-json\/wp\/v2\/posts"}],"about":[{"href":"https:\/\/agora.xtec.cat\/escolalavilapalamos\/wp-json\/wp\/v2\/types\/post"}],"author":[{"embeddable":true,"href":"https:\/\/agora.xtec.cat\/escolalavilapalamos\/wp-json\/wp\/v2\/users\/1"}],"replies":[{"embeddable":true,"href":"https:\/\/agora.xtec.cat\/escolalavilapalamos\/wp-json\/wp\/v2\/comments?post=8755"}],"version-history":[{"count":2,"href":"https:\/\/agora.xtec.cat\/escolalavilapalamos\/wp-json\/wp\/v2\/posts\/8755\/revisions"}],"predecessor-version":[{"id":8759,"href":"https:\/\/agora.xtec.cat\/escolalavilapalamos\/wp-json\/wp\/v2\/posts\/8755\/revisions\/8759"}],"wp:featuredmedia":[{"embeddable":true,"href":"https:\/\/agora.xtec.cat\/escolalavilapalamos\/wp-json\/wp\/v2\/media\/8758"}],"wp:attachment":[{"href":"https:\/\/agora.xtec.cat\/escolalavilapalamos\/wp-json\/wp\/v2\/media?parent=8755"}],"wp:term":[{"taxonomy":"category","embeddable":true,"href":"https:\/\/agora.xtec.cat\/escolalavilapalamos\/wp-json\/wp\/v2\/categories?post=8755"},{"taxonomy":"post_tag","embeddable":true,"href":"https:\/\/agora.xtec.cat\/escolalavilapalamos\/wp-json\/wp\/v2\/tags?post=8755"}],"curies":[{"name":"wp","href":"https:\/\/api.w.org\/{rel}","templated":true}]}}