{"id":8749,"date":"2020-12-18T12:30:11","date_gmt":"2020-12-18T11:30:11","guid":{"rendered":"http:\/\/agora.xtec.cat\/escolalavilapalamos\/?p=8749"},"modified":"2020-12-17T15:14:53","modified_gmt":"2020-12-17T14:14:53","slug":"el-gran-llibre-dels-superpoders-de-3r","status":"publish","type":"post","link":"https:\/\/agora.xtec.cat\/escolalavilapalamos\/general\/el-gran-llibre-dels-superpoders-de-3r\/","title":{"rendered":"El Gran Llibre dels Superpoders de 3r"},"content":{"rendered":"<p><a href=\"https:\/\/agora.xtec.cat\/escolalavilapalamos\/wp-content\/uploads\/usu897\/2020\/12\/PORTADA.jpg\"><img loading=\"lazy\" decoding=\"async\" class=\"wp-image-8760 alignleft\" src=\"https:\/\/agora.xtec.cat\/escolalavilapalamos\/wp-content\/uploads\/usu897\/2020\/12\/PORTADA.jpg\" alt=\"\" width=\"375\" height=\"265\" srcset=\"https:\/\/agora.xtec.cat\/escolalavilapalamos\/wp-content\/uploads\/usu897\/2020\/12\/PORTADA.jpg 850w, https:\/\/agora.xtec.cat\/escolalavilapalamos\/wp-content\/uploads\/usu897\/2020\/12\/PORTADA-300x212.jpg 300w, https:\/\/agora.xtec.cat\/escolalavilapalamos\/wp-content\/uploads\/usu897\/2020\/12\/PORTADA-768x543.jpg 768w\" sizes=\"auto, (max-width: 375px) 100vw, 375px\" \/><\/a>Benvolgudes fam\u00edlies,<\/p>\n<p>Abans de marxar de vacances us compartim:<\/p>\n<p style=\"text-align: center;\"><a href=\"https:\/\/www.calameo.com\/read\/0043078166e9687d99fb9?authid=wYwRmgPjn4DT\">El Gran Llibre dels Superpoders de 3r<\/a> (cliqueu a l&#8217;enll\u00e7)<\/p>\n<p>\u00c9s un projecte que hem elaborat durant el primer trimestre en el qual hem treballat la llengua (descripci\u00f3 i autobiografia), l&#8217;art (t\u00e8cnica de l&#8217;aquarel\u00b7la), la utilitzaci\u00f3 de l&#8217;eina de l&#8217;esb\u00f3s, i aspectes de coneixement emocional.<\/p>\n<p>Esperem que en gaudiu tant com nosaltres.<\/p>\n<p>Alumnes de 3r<\/p>\n","protected":false},"excerpt":{"rendered":"<p><a href=\"https:\/\/agora.xtec.cat\/escolalavilapalamos\/wp-content\/uploads\/usu897\/2020\/12\/PORTADA.jpg\"><\/a>Benvolgudes fam\u00edlies,<br \/>\nAbans de marxar de vacances us compartim:<br \/>\n<a href=\"https:\/\/www.calameo.com\/read\/0043078166e9687d99fb9?authid=wYwRmgPjn4DT\">El Gran Llibre dels Superpoders de 3r<\/a> (cliqueu a l&#8217;enll\u00e7)<br \/>\n\u00c9s un projecte que hem elaborat durant el primer trimestre en el qual hem treballat la llengua (descripci\u00f3 i autobiografia), l&#8217;art (t\u00e8cnica de l&#8217;aquarel\u00b7la), la utilitzaci\u00f3 de&hellip;  <a href=\"https:\/\/agora.xtec.cat\/escolalavilapalamos\/general\/el-gran-llibre-dels-superpoders-de-3r\/\" title=\"Read El Gran Llibre dels Superpoders de 3r\">Llegeix m\u00e9s\u00bb<\/a><\/p>\n","protected":false},"author":5,"featured_media":8760,"comment_status":"open","ping_status":"closed","sticky":false,"template":"","format":"standard","meta":{"_bbp_topic_count":0,"_bbp_reply_count":0,"_bbp_total_topic_count":0,"_bbp_total_reply_count":0,"_bbp_voice_count":0,"_bbp_anonymous_reply_count":0,"_bbp_topic_count_hidden":0,"_bbp_reply_count_hidden":0,"_bbp_forum_subforum_count":0,"footnotes":""},"categories":[127,1,4,5],"tags":[],"class_list":["post-8749","post","type-post","status-publish","format-standard","has-post-thumbnail","hentry","category-comunitat-de-mitjans","category-general","category-portada","category-primaria"],"post_mailing_queue_ids":[],"_links":{"self":[{"href":"https:\/\/agora.xtec.cat\/escolalavilapalamos\/wp-json\/wp\/v2\/posts\/8749","targetHints":{"allow":["GET"]}}],"collection":[{"href":"https:\/\/agora.xtec.cat\/escolalavilapalamos\/wp-json\/wp\/v2\/posts"}],"about":[{"href":"https:\/\/agora.xtec.cat\/escolalavilapalamos\/wp-json\/wp\/v2\/types\/post"}],"author":[{"embeddable":true,"href":"https:\/\/agora.xtec.cat\/escolalavilapalamos\/wp-json\/wp\/v2\/users\/5"}],"replies":[{"embeddable":true,"href":"https:\/\/agora.xtec.cat\/escolalavilapalamos\/wp-json\/wp\/v2\/comments?post=8749"}],"version-history":[{"count":3,"href":"https:\/\/agora.xtec.cat\/escolalavilapalamos\/wp-json\/wp\/v2\/posts\/8749\/revisions"}],"predecessor-version":[{"id":8762,"href":"https:\/\/agora.xtec.cat\/escolalavilapalamos\/wp-json\/wp\/v2\/posts\/8749\/revisions\/8762"}],"wp:featuredmedia":[{"embeddable":true,"href":"https:\/\/agora.xtec.cat\/escolalavilapalamos\/wp-json\/wp\/v2\/media\/8760"}],"wp:attachment":[{"href":"https:\/\/agora.xtec.cat\/escolalavilapalamos\/wp-json\/wp\/v2\/media?parent=8749"}],"wp:term":[{"taxonomy":"category","embeddable":true,"href":"https:\/\/agora.xtec.cat\/escolalavilapalamos\/wp-json\/wp\/v2\/categories?post=8749"},{"taxonomy":"post_tag","embeddable":true,"href":"https:\/\/agora.xtec.cat\/escolalavilapalamos\/wp-json\/wp\/v2\/tags?post=8749"}],"curies":[{"name":"wp","href":"https:\/\/api.w.org\/{rel}","templated":true}]}}