{"id":8739,"date":"2020-12-14T11:48:26","date_gmt":"2020-12-14T10:48:26","guid":{"rendered":"http:\/\/agora.xtec.cat\/escolalavilapalamos\/?p=8739"},"modified":"2020-12-14T15:06:54","modified_gmt":"2020-12-14T14:06:54","slug":"musica-a-4t","status":"publish","type":"post","link":"https:\/\/agora.xtec.cat\/escolalavilapalamos\/general\/musica-a-4t\/","title":{"rendered":"M\u00fasica a 4t"},"content":{"rendered":"<p>Fem un rep\u00e0s a la m\u00fasica del primer trimestre a 4t. Quina sort poder treballar amb m\u00fasica en directe! Aquest cop la Nora i l\u2019Oriol ens han donat aquest plaer. Gr\u00e0cies!<\/p>\n<p><iframe loading=\"lazy\" src=\"\/\/www.youtube.com\/embed\/NMqw20ip_MI\" width=\"560\" height=\"314\"><\/iframe><\/p>\n<p>Hem tingut la sort de tenir uns dies amb nosaltres a la Mariona i ens ha ofert una petita audici\u00f3 amb VIOLONCEL, hem apr\u00e8s coses interessants i hem pogut sentir la vibraci\u00f3 del seu so:<\/p>\n<p><iframe loading=\"lazy\" src=\"\/\/www.youtube.com\/embed\/BoCQnftBevE\" width=\"560\" height=\"314\"><\/iframe><\/p>\n","protected":false},"excerpt":{"rendered":"<p>Fem un rep\u00e0s a la m\u00fasica del primer trimestre a 4t. Quina sort poder treballar amb m\u00fasica en directe! Aquest cop la Nora i l\u2019Oriol ens han donat aquest plaer. Gr\u00e0cies!<\/p>\n<p>Hem tingut la sort de tenir uns dies amb nosaltres a la Mariona i ens&hellip;  <a href=\"https:\/\/agora.xtec.cat\/escolalavilapalamos\/general\/musica-a-4t\/\" title=\"Read M\u00fasica a 4t\">Llegeix m\u00e9s\u00bb<\/a><\/p>\n","protected":false},"author":1,"featured_media":0,"comment_status":"open","ping_status":"closed","sticky":false,"template":"","format":"standard","meta":{"_bbp_topic_count":0,"_bbp_reply_count":0,"_bbp_total_topic_count":0,"_bbp_total_reply_count":0,"_bbp_voice_count":0,"_bbp_anonymous_reply_count":0,"_bbp_topic_count_hidden":0,"_bbp_reply_count_hidden":0,"_bbp_forum_subforum_count":0,"footnotes":""},"categories":[128,1,68,4],"tags":[],"class_list":["post-8739","post","type-post","status-publish","format-standard","hentry","category-comunitat-de-grans","category-general","category-musica","category-portada"],"post_mailing_queue_ids":[],"_links":{"self":[{"href":"https:\/\/agora.xtec.cat\/escolalavilapalamos\/wp-json\/wp\/v2\/posts\/8739","targetHints":{"allow":["GET"]}}],"collection":[{"href":"https:\/\/agora.xtec.cat\/escolalavilapalamos\/wp-json\/wp\/v2\/posts"}],"about":[{"href":"https:\/\/agora.xtec.cat\/escolalavilapalamos\/wp-json\/wp\/v2\/types\/post"}],"author":[{"embeddable":true,"href":"https:\/\/agora.xtec.cat\/escolalavilapalamos\/wp-json\/wp\/v2\/users\/1"}],"replies":[{"embeddable":true,"href":"https:\/\/agora.xtec.cat\/escolalavilapalamos\/wp-json\/wp\/v2\/comments?post=8739"}],"version-history":[{"count":1,"href":"https:\/\/agora.xtec.cat\/escolalavilapalamos\/wp-json\/wp\/v2\/posts\/8739\/revisions"}],"predecessor-version":[{"id":8740,"href":"https:\/\/agora.xtec.cat\/escolalavilapalamos\/wp-json\/wp\/v2\/posts\/8739\/revisions\/8740"}],"wp:attachment":[{"href":"https:\/\/agora.xtec.cat\/escolalavilapalamos\/wp-json\/wp\/v2\/media?parent=8739"}],"wp:term":[{"taxonomy":"category","embeddable":true,"href":"https:\/\/agora.xtec.cat\/escolalavilapalamos\/wp-json\/wp\/v2\/categories?post=8739"},{"taxonomy":"post_tag","embeddable":true,"href":"https:\/\/agora.xtec.cat\/escolalavilapalamos\/wp-json\/wp\/v2\/tags?post=8739"}],"curies":[{"name":"wp","href":"https:\/\/api.w.org\/{rel}","templated":true}]}}