{"id":8734,"date":"2020-12-14T10:58:54","date_gmt":"2020-12-14T09:58:54","guid":{"rendered":"http:\/\/agora.xtec.cat\/escolalavilapalamos\/?p=8734"},"modified":"2020-12-14T10:58:54","modified_gmt":"2020-12-14T09:58:54","slug":"educacio-fisica-a-3r","status":"publish","type":"post","link":"https:\/\/agora.xtec.cat\/escolalavilapalamos\/portada\/educacio-fisica-a-3r\/","title":{"rendered":"Educaci\u00f3 f\u00edsica a 3r!"},"content":{"rendered":"<p><img loading=\"lazy\" decoding=\"async\" class=\"attachment-full  wp-post-image alignright\" src=\"https:\/\/portal.edu.gva.es\/ceipcervantes\/wp-content\/uploads\/sites\/397\/2020\/03\/EF-def-e1585593638186.png\" alt=\"\" width=\"346\" height=\"218\" \/><\/p>\n<p>Durant aquest primer trimestre, l\u2019alumnat de 3r curs ha gaudit durant les sessions d\u2019educaci\u00f3 f\u00edsica. S\u2019han treballat les 4 dimensions (activitat f\u00edsica, h\u00e0bits saludables, expressi\u00f3 i comunicaci\u00f3 corporal i el joc) en la qual es divideix l\u2019\u00e0rea d\u2019educaci\u00f3 f\u00edsica. Clicant a la imatge trobareu un petit recull fotogr\u00e0fic del que ha estat aquest trimestre.<\/p>\n<p><a href=\"https:\/\/photos.app.goo.gl\/CuAuMSUjnR3p2mPD9\"><img loading=\"lazy\" decoding=\"async\" class=\" wp-image-8736 aligncenter\" src=\"https:\/\/agora.xtec.cat\/escolalavilapalamos\/wp-content\/uploads\/usu897\/2020\/12\/IMG_20201021_114119-1024x768.jpg\" alt=\"\" width=\"518\" height=\"388\" srcset=\"https:\/\/agora.xtec.cat\/escolalavilapalamos\/wp-content\/uploads\/usu897\/2020\/12\/IMG_20201021_114119-1024x768.jpg 1024w, https:\/\/agora.xtec.cat\/escolalavilapalamos\/wp-content\/uploads\/usu897\/2020\/12\/IMG_20201021_114119-300x225.jpg 300w, https:\/\/agora.xtec.cat\/escolalavilapalamos\/wp-content\/uploads\/usu897\/2020\/12\/IMG_20201021_114119-768x576.jpg 768w, https:\/\/agora.xtec.cat\/escolalavilapalamos\/wp-content\/uploads\/usu897\/2020\/12\/IMG_20201021_114119-200x150.jpg 200w\" sizes=\"auto, (max-width: 518px) 100vw, 518px\" \/><\/a><\/p>\n","protected":false},"excerpt":{"rendered":"<p>Durant aquest primer trimestre, l\u2019alumnat de 3r curs ha gaudit durant les sessions d\u2019educaci\u00f3 f\u00edsica. S\u2019han treballat les 4 dimensions (activitat f\u00edsica, h\u00e0bits saludables, expressi\u00f3 i comunicaci\u00f3 corporal i el joc) en la qual es divideix l\u2019\u00e0rea d\u2019educaci\u00f3 f\u00edsica. Clicant a la imatge trobareu un&hellip;  <a href=\"https:\/\/agora.xtec.cat\/escolalavilapalamos\/portada\/educacio-fisica-a-3r\/\" title=\"Read Educaci\u00f3 f\u00edsica a 3r!\">Llegeix m\u00e9s\u00bb<\/a><\/p>\n","protected":false},"author":167,"featured_media":8736,"comment_status":"open","ping_status":"closed","sticky":false,"template":"","format":"standard","meta":{"_bbp_topic_count":0,"_bbp_reply_count":0,"_bbp_total_topic_count":0,"_bbp_total_reply_count":0,"_bbp_voice_count":0,"_bbp_anonymous_reply_count":0,"_bbp_topic_count_hidden":0,"_bbp_reply_count_hidden":0,"_bbp_forum_subforum_count":0,"footnotes":""},"categories":[127,70,67,4,5],"tags":[],"class_list":["post-8734","post","type-post","status-publish","format-standard","has-post-thumbnail","hentry","category-comunitat-de-mitjans","category-efi","category-especialistes","category-portada","category-primaria"],"post_mailing_queue_ids":[],"_links":{"self":[{"href":"https:\/\/agora.xtec.cat\/escolalavilapalamos\/wp-json\/wp\/v2\/posts\/8734","targetHints":{"allow":["GET"]}}],"collection":[{"href":"https:\/\/agora.xtec.cat\/escolalavilapalamos\/wp-json\/wp\/v2\/posts"}],"about":[{"href":"https:\/\/agora.xtec.cat\/escolalavilapalamos\/wp-json\/wp\/v2\/types\/post"}],"author":[{"embeddable":true,"href":"https:\/\/agora.xtec.cat\/escolalavilapalamos\/wp-json\/wp\/v2\/users\/167"}],"replies":[{"embeddable":true,"href":"https:\/\/agora.xtec.cat\/escolalavilapalamos\/wp-json\/wp\/v2\/comments?post=8734"}],"version-history":[{"count":2,"href":"https:\/\/agora.xtec.cat\/escolalavilapalamos\/wp-json\/wp\/v2\/posts\/8734\/revisions"}],"predecessor-version":[{"id":8738,"href":"https:\/\/agora.xtec.cat\/escolalavilapalamos\/wp-json\/wp\/v2\/posts\/8734\/revisions\/8738"}],"wp:featuredmedia":[{"embeddable":true,"href":"https:\/\/agora.xtec.cat\/escolalavilapalamos\/wp-json\/wp\/v2\/media\/8736"}],"wp:attachment":[{"href":"https:\/\/agora.xtec.cat\/escolalavilapalamos\/wp-json\/wp\/v2\/media?parent=8734"}],"wp:term":[{"taxonomy":"category","embeddable":true,"href":"https:\/\/agora.xtec.cat\/escolalavilapalamos\/wp-json\/wp\/v2\/categories?post=8734"},{"taxonomy":"post_tag","embeddable":true,"href":"https:\/\/agora.xtec.cat\/escolalavilapalamos\/wp-json\/wp\/v2\/tags?post=8734"}],"curies":[{"name":"wp","href":"https:\/\/api.w.org\/{rel}","templated":true}]}}