{"id":8676,"date":"2020-12-11T16:43:28","date_gmt":"2020-12-11T15:43:28","guid":{"rendered":"http:\/\/agora.xtec.cat\/escolalavilapalamos\/?p=8676"},"modified":"2020-12-11T16:57:03","modified_gmt":"2020-12-11T15:57:03","slug":"els-tios-a-lescola","status":"publish","type":"post","link":"https:\/\/agora.xtec.cat\/escolalavilapalamos\/general\/els-tios-a-lescola\/","title":{"rendered":"Els ti\u00f3s a l&#8217;escola"},"content":{"rendered":"<div data-contents=\"true\">\n<div class=\"\" data-block=\"true\" data-editor=\"dr89k\" data-offset-key=\"8bk0n-0-0\">\n<p class=\"_1mf _1mj\" data-offset-key=\"8bk0n-0-0\"><strong>Ja tenim els ti\u00f3s a l&#8217; escola<\/strong><span data-offset-key=\"8bk0n-2-0\"><strong>.<\/strong> <\/span><\/p>\n<p class=\"_1mf _1mj\" data-offset-key=\"8bk0n-0-0\"><span data-offset-key=\"8bk0n-2-0\">Tots dos s\u00f3n a l&#8217;entrada d&#8217;infantil i prim\u00e0ria. Fan molt bona cara perqu\u00e8 els nens i nenes de l&#8217;escola els donen molt, i molt i molt de menjar. <\/span><\/p>\n<\/div>\n<div class=\"\" data-block=\"true\" data-editor=\"dr89k\" data-offset-key=\"3i273-0-0\">\n<p class=\"_1mf _1mj\" data-offset-key=\"3i273-0-0\"><span data-offset-key=\"3i273-0-0\">Aviat voldran cagar !!!<\/span><\/p>\n<\/div>\n<div data-offset-key=\"3i273-0-0\"><a href=\"https:\/\/agora.xtec.cat\/escolalavilapalamos\/wp-content\/uploads\/usu897\/2020\/12\/WhatsApp-Image-2020-12-11-at-16.34.46-1.jpeg\"><img loading=\"lazy\" decoding=\"async\" class=\"alignleft wp-image-8677\" src=\"https:\/\/agora.xtec.cat\/escolalavilapalamos\/wp-content\/uploads\/usu897\/2020\/12\/WhatsApp-Image-2020-12-11-at-16.34.46-1-300x225.jpeg\" alt=\"\" width=\"407\" height=\"305\" srcset=\"https:\/\/agora.xtec.cat\/escolalavilapalamos\/wp-content\/uploads\/usu897\/2020\/12\/WhatsApp-Image-2020-12-11-at-16.34.46-1-300x225.jpeg 300w, https:\/\/agora.xtec.cat\/escolalavilapalamos\/wp-content\/uploads\/usu897\/2020\/12\/WhatsApp-Image-2020-12-11-at-16.34.46-1-768x576.jpeg 768w, https:\/\/agora.xtec.cat\/escolalavilapalamos\/wp-content\/uploads\/usu897\/2020\/12\/WhatsApp-Image-2020-12-11-at-16.34.46-1-1024x768.jpeg 1024w, https:\/\/agora.xtec.cat\/escolalavilapalamos\/wp-content\/uploads\/usu897\/2020\/12\/WhatsApp-Image-2020-12-11-at-16.34.46-1-200x150.jpeg 200w, https:\/\/agora.xtec.cat\/escolalavilapalamos\/wp-content\/uploads\/usu897\/2020\/12\/WhatsApp-Image-2020-12-11-at-16.34.46-1.jpeg 1600w\" sizes=\"auto, (max-width: 407px) 100vw, 407px\" \/><\/a> <a href=\"https:\/\/agora.xtec.cat\/escolalavilapalamos\/wp-content\/uploads\/usu897\/2020\/12\/WhatsApp-Image-2020-12-11-at-16.34.46.jpeg\"><img loading=\"lazy\" decoding=\"async\" class=\"alignleft wp-image-8678\" src=\"https:\/\/agora.xtec.cat\/escolalavilapalamos\/wp-content\/uploads\/usu897\/2020\/12\/WhatsApp-Image-2020-12-11-at-16.34.46-300x225.jpeg\" alt=\"\" width=\"407\" height=\"305\" srcset=\"https:\/\/agora.xtec.cat\/escolalavilapalamos\/wp-content\/uploads\/usu897\/2020\/12\/WhatsApp-Image-2020-12-11-at-16.34.46-300x225.jpeg 300w, https:\/\/agora.xtec.cat\/escolalavilapalamos\/wp-content\/uploads\/usu897\/2020\/12\/WhatsApp-Image-2020-12-11-at-16.34.46-768x576.jpeg 768w, https:\/\/agora.xtec.cat\/escolalavilapalamos\/wp-content\/uploads\/usu897\/2020\/12\/WhatsApp-Image-2020-12-11-at-16.34.46-1024x768.jpeg 1024w, https:\/\/agora.xtec.cat\/escolalavilapalamos\/wp-content\/uploads\/usu897\/2020\/12\/WhatsApp-Image-2020-12-11-at-16.34.46-200x150.jpeg 200w, https:\/\/agora.xtec.cat\/escolalavilapalamos\/wp-content\/uploads\/usu897\/2020\/12\/WhatsApp-Image-2020-12-11-at-16.34.46.jpeg 1600w\" sizes=\"auto, (max-width: 407px) 100vw, 407px\" \/><\/a><\/div>\n<\/div>\n","protected":false},"excerpt":{"rendered":"<p>Ja tenim els ti\u00f3s a l&#8217; escola.<br \/>\nTots dos s\u00f3n a l&#8217;entrada d&#8217;infantil i prim\u00e0ria. Fan molt bona cara perqu\u00e8 els nens i nenes de l&#8217;escola els donen molt, i molt i molt de menjar. <\/p>\n<p>Aviat voldran cagar !!!<\/p>\n<p><a href=\"https:\/\/agora.xtec.cat\/escolalavilapalamos\/wp-content\/uploads\/usu897\/2020\/12\/WhatsApp-Image-2020-12-11-at-16.34.46-1.jpeg\"><\/a> <a href=\"https:\/\/agora.xtec.cat\/escolalavilapalamos\/wp-content\/uploads\/usu897\/2020\/12\/WhatsApp-Image-2020-12-11-at-16.34.46.jpeg\"><\/a><\/p>\n","protected":false},"author":1,"featured_media":8677,"comment_status":"open","ping_status":"closed","sticky":false,"template":"","format":"standard","meta":{"_bbp_topic_count":0,"_bbp_reply_count":0,"_bbp_total_topic_count":0,"_bbp_total_reply_count":0,"_bbp_voice_count":0,"_bbp_anonymous_reply_count":0,"_bbp_topic_count_hidden":0,"_bbp_reply_count_hidden":0,"_bbp_forum_subforum_count":0,"footnotes":""},"categories":[128,127,2,1,4],"tags":[],"class_list":["post-8676","post","type-post","status-publish","format-standard","has-post-thumbnail","hentry","category-comunitat-de-grans","category-comunitat-de-mitjans","category-infantil","category-general","category-portada"],"post_mailing_queue_ids":[],"_links":{"self":[{"href":"https:\/\/agora.xtec.cat\/escolalavilapalamos\/wp-json\/wp\/v2\/posts\/8676","targetHints":{"allow":["GET"]}}],"collection":[{"href":"https:\/\/agora.xtec.cat\/escolalavilapalamos\/wp-json\/wp\/v2\/posts"}],"about":[{"href":"https:\/\/agora.xtec.cat\/escolalavilapalamos\/wp-json\/wp\/v2\/types\/post"}],"author":[{"embeddable":true,"href":"https:\/\/agora.xtec.cat\/escolalavilapalamos\/wp-json\/wp\/v2\/users\/1"}],"replies":[{"embeddable":true,"href":"https:\/\/agora.xtec.cat\/escolalavilapalamos\/wp-json\/wp\/v2\/comments?post=8676"}],"version-history":[{"count":3,"href":"https:\/\/agora.xtec.cat\/escolalavilapalamos\/wp-json\/wp\/v2\/posts\/8676\/revisions"}],"predecessor-version":[{"id":8681,"href":"https:\/\/agora.xtec.cat\/escolalavilapalamos\/wp-json\/wp\/v2\/posts\/8676\/revisions\/8681"}],"wp:featuredmedia":[{"embeddable":true,"href":"https:\/\/agora.xtec.cat\/escolalavilapalamos\/wp-json\/wp\/v2\/media\/8677"}],"wp:attachment":[{"href":"https:\/\/agora.xtec.cat\/escolalavilapalamos\/wp-json\/wp\/v2\/media?parent=8676"}],"wp:term":[{"taxonomy":"category","embeddable":true,"href":"https:\/\/agora.xtec.cat\/escolalavilapalamos\/wp-json\/wp\/v2\/categories?post=8676"},{"taxonomy":"post_tag","embeddable":true,"href":"https:\/\/agora.xtec.cat\/escolalavilapalamos\/wp-json\/wp\/v2\/tags?post=8676"}],"curies":[{"name":"wp","href":"https:\/\/api.w.org\/{rel}","templated":true}]}}