{"id":8646,"date":"2020-12-11T11:48:59","date_gmt":"2020-12-11T10:48:59","guid":{"rendered":"http:\/\/agora.xtec.cat\/escolalavilapalamos\/?p=8646"},"modified":"2020-12-11T16:02:37","modified_gmt":"2020-12-11T15:02:37","slug":"matematiques-a-2n","status":"publish","type":"post","link":"https:\/\/agora.xtec.cat\/escolalavilapalamos\/general\/matematiques-a-2n\/","title":{"rendered":"Matem\u00e0tiques a 2n"},"content":{"rendered":"<p style=\"font-weight: 400;\">Sigueu benvinguts i benvingudes a les classes de 2n!<a href=\"https:\/\/agora.xtec.cat\/escolalavilapalamos\/wp-content\/uploads\/usu897\/2020\/12\/IMG_20201104_093235.jpg\"><img loading=\"lazy\" decoding=\"async\" class=\" wp-image-8649 alignright\" src=\"https:\/\/agora.xtec.cat\/escolalavilapalamos\/wp-content\/uploads\/usu897\/2020\/12\/IMG_20201104_093235-300x225.jpg\" alt=\"\" width=\"388\" height=\"291\" srcset=\"https:\/\/agora.xtec.cat\/escolalavilapalamos\/wp-content\/uploads\/usu897\/2020\/12\/IMG_20201104_093235-300x225.jpg 300w, https:\/\/agora.xtec.cat\/escolalavilapalamos\/wp-content\/uploads\/usu897\/2020\/12\/IMG_20201104_093235-768x576.jpg 768w, https:\/\/agora.xtec.cat\/escolalavilapalamos\/wp-content\/uploads\/usu897\/2020\/12\/IMG_20201104_093235-1024x768.jpg 1024w, https:\/\/agora.xtec.cat\/escolalavilapalamos\/wp-content\/uploads\/usu897\/2020\/12\/IMG_20201104_093235-200x150.jpg 200w, https:\/\/agora.xtec.cat\/escolalavilapalamos\/wp-content\/uploads\/usu897\/2020\/12\/IMG_20201104_093235.jpg 1263w\" sizes=\"auto, (max-width: 388px) 100vw, 388px\" \/><\/a><\/p>\n<p style=\"font-weight: 400;\">Us volem convidar a veure com treballem amb \u00a0<strong>el nou projecte de matem\u00e0tiques (\u201cInnovamat\u201d)<\/strong> que hem iniciat aquest any.<\/p>\n<p style=\"font-weight: 400;\">Descobrim el m\u00f3n dels nombres, de la geometria, de la l\u00f2gica i de l\u2019estad\u00edstica resolent jocs, \u00a0reptes i \u00a0les aventures d\u2019uns personatges, en Samuel i la Martina, \u00a0que han anat de visita a \u00a0l&#8217;observatori astron\u00f2mic.<\/p>\n<p style=\"font-weight: 400;\">Cada repte ens porta a treballar amb un material: collaret de boles, recta num\u00e8rica, Tablet, pissarreta m\u00e0gica, reglets, cubets, euros, tangrams&#8230;.. \u00a0I aix\u00ed, muntant i desmuntant, provant i comprovant, anem aprenent estrat\u00e8gies, descobrint que un repte pot tenir m\u00faltiples solucions, aprenem a argumentar &#8230; Ep! Aix\u00f2 vol dir haver de pensar perqu\u00e8 i saber-ho explicar de manera clara i ordenada&#8230; i \u00e9s tot un repte!<\/p>\n<p style=\"font-weight: 400;\">Amb tot plegat, juguem,\u00a0 pensem, entenem,\u00a0 aprenem matem\u00e0tiques i ens ho passem pipa !<\/p>\n<p style=\"font-weight: 400;\">Voleu veure com ens trenquem la closca per superar -los? Doncs <a href=\"https:\/\/photos.app.goo.gl\/bizCSgyKoTjgnZqJ9\">aqu\u00ed<\/a> teniu les fotos!.<\/p>\n","protected":false},"excerpt":{"rendered":"<p>Sigueu benvinguts i benvingudes a les classes de 2n!<a href=\"https:\/\/agora.xtec.cat\/escolalavilapalamos\/wp-content\/uploads\/usu897\/2020\/12\/IMG_20201104_093235.jpg\"><\/a><br \/>\nUs volem convidar a veure com treballem amb \u00a0el nou projecte de matem\u00e0tiques (\u201cInnovamat\u201d) que hem iniciat aquest any.<br \/>\nDescobrim el m\u00f3n dels nombres, de la geometria, de la l\u00f2gica i de l\u2019estad\u00edstica resolent jocs, \u00a0reptes i&hellip;  <a href=\"https:\/\/agora.xtec.cat\/escolalavilapalamos\/general\/matematiques-a-2n\/\" title=\"Read Matem\u00e0tiques a 2n\">Llegeix m\u00e9s\u00bb<\/a><\/p>\n","protected":false},"author":46,"featured_media":8649,"comment_status":"open","ping_status":"closed","sticky":false,"template":"","format":"standard","meta":{"_bbp_topic_count":0,"_bbp_reply_count":0,"_bbp_total_topic_count":0,"_bbp_total_reply_count":0,"_bbp_voice_count":0,"_bbp_anonymous_reply_count":0,"_bbp_topic_count_hidden":0,"_bbp_reply_count_hidden":0,"_bbp_forum_subforum_count":0,"footnotes":""},"categories":[127,1,4],"tags":[],"class_list":["post-8646","post","type-post","status-publish","format-standard","has-post-thumbnail","hentry","category-comunitat-de-mitjans","category-general","category-portada"],"post_mailing_queue_ids":[],"_links":{"self":[{"href":"https:\/\/agora.xtec.cat\/escolalavilapalamos\/wp-json\/wp\/v2\/posts\/8646","targetHints":{"allow":["GET"]}}],"collection":[{"href":"https:\/\/agora.xtec.cat\/escolalavilapalamos\/wp-json\/wp\/v2\/posts"}],"about":[{"href":"https:\/\/agora.xtec.cat\/escolalavilapalamos\/wp-json\/wp\/v2\/types\/post"}],"author":[{"embeddable":true,"href":"https:\/\/agora.xtec.cat\/escolalavilapalamos\/wp-json\/wp\/v2\/users\/46"}],"replies":[{"embeddable":true,"href":"https:\/\/agora.xtec.cat\/escolalavilapalamos\/wp-json\/wp\/v2\/comments?post=8646"}],"version-history":[{"count":3,"href":"https:\/\/agora.xtec.cat\/escolalavilapalamos\/wp-json\/wp\/v2\/posts\/8646\/revisions"}],"predecessor-version":[{"id":8650,"href":"https:\/\/agora.xtec.cat\/escolalavilapalamos\/wp-json\/wp\/v2\/posts\/8646\/revisions\/8650"}],"wp:featuredmedia":[{"embeddable":true,"href":"https:\/\/agora.xtec.cat\/escolalavilapalamos\/wp-json\/wp\/v2\/media\/8649"}],"wp:attachment":[{"href":"https:\/\/agora.xtec.cat\/escolalavilapalamos\/wp-json\/wp\/v2\/media?parent=8646"}],"wp:term":[{"taxonomy":"category","embeddable":true,"href":"https:\/\/agora.xtec.cat\/escolalavilapalamos\/wp-json\/wp\/v2\/categories?post=8646"},{"taxonomy":"post_tag","embeddable":true,"href":"https:\/\/agora.xtec.cat\/escolalavilapalamos\/wp-json\/wp\/v2\/tags?post=8646"}],"curies":[{"name":"wp","href":"https:\/\/api.w.org\/{rel}","templated":true}]}}