{"id":8602,"date":"2020-12-11T09:46:41","date_gmt":"2020-12-11T08:46:41","guid":{"rendered":"http:\/\/agora.xtec.cat\/escolalavilapalamos\/?p=8602"},"modified":"2020-12-11T09:48:21","modified_gmt":"2020-12-11T08:48:21","slug":"dia-internacional-per-a-leliminacio-de-la-violencia-contra-les-dones-a-5e","status":"publish","type":"post","link":"https:\/\/agora.xtec.cat\/escolalavilapalamos\/general\/dia-internacional-per-a-leliminacio-de-la-violencia-contra-les-dones-a-5e\/","title":{"rendered":"Dia internacional per a l\u2019eliminaci\u00f3 de la viol\u00e8ncia contra les dones a 5\u00e8"},"content":{"rendered":"<p><a href=\"https:\/\/photos.app.goo.gl\/xib2vxrWV1RatV2L6\"><img loading=\"lazy\" decoding=\"async\" class=\"size-medium wp-image-8606 alignleft\" src=\"https:\/\/agora.xtec.cat\/escolalavilapalamos\/wp-content\/uploads\/usu897\/2020\/12\/Archivo_010-300x225.jpeg\" alt=\"\" width=\"300\" height=\"225\" srcset=\"https:\/\/agora.xtec.cat\/escolalavilapalamos\/wp-content\/uploads\/usu897\/2020\/12\/Archivo_010-300x225.jpeg 300w, https:\/\/agora.xtec.cat\/escolalavilapalamos\/wp-content\/uploads\/usu897\/2020\/12\/Archivo_010-768x576.jpeg 768w, https:\/\/agora.xtec.cat\/escolalavilapalamos\/wp-content\/uploads\/usu897\/2020\/12\/Archivo_010-1024x768.jpeg 1024w, https:\/\/agora.xtec.cat\/escolalavilapalamos\/wp-content\/uploads\/usu897\/2020\/12\/Archivo_010-200x150.jpeg 200w, https:\/\/agora.xtec.cat\/escolalavilapalamos\/wp-content\/uploads\/usu897\/2020\/12\/Archivo_010.jpeg 1600w\" sizes=\"auto, (max-width: 300px) 100vw, 300px\" \/><\/a>El passat dimecres 25 de novembre va ser el dia internacional per a l\u2019eliminaci\u00f3 de la viol\u00e8ncia contra les dones. Els alumnes de 5\u00e8 van comen\u00e7ar el dia visualitzant curts sobre el tema que van donar lloc a xerrades i debats a l\u2019aula. \u00a0A continuaci\u00f3, en grups, van elaborar diferents cartells amb missatges de protesta contra la viol\u00e8ncia de g\u00e8nere que despr\u00e9s vam exposar. Els alumnes van estar molt engrescats i es van conscienciar sobre els riscos que comporta aquest tipus de conductes i de quina manera es pot prevenir.<\/p>\n<p>Clica a la <a href=\"https:\/\/photos.app.goo.gl\/xib2vxrWV1RatV2L6\">imatge<\/a> per veure tota la galeria de fotografies del dia.<\/p>\n<p>&nbsp;<\/p>\n<p>&nbsp;<\/p>\n","protected":false},"excerpt":{"rendered":"<p><a href=\"https:\/\/photos.app.goo.gl\/xib2vxrWV1RatV2L6\"><\/a>El passat dimecres 25 de novembre va ser el dia internacional per a l\u2019eliminaci\u00f3 de la viol\u00e8ncia contra les dones. Els alumnes de 5\u00e8 van comen\u00e7ar el dia visualitzant curts sobre el tema que van donar lloc a xerrades i debats a l\u2019aula. \u00a0A&hellip;  <a href=\"https:\/\/agora.xtec.cat\/escolalavilapalamos\/general\/dia-internacional-per-a-leliminacio-de-la-violencia-contra-les-dones-a-5e\/\" title=\"Read Dia internacional per a l\u2019eliminaci\u00f3 de la viol\u00e8ncia contra les dones a 5\u00e8\">Llegeix m\u00e9s\u00bb<\/a><\/p>\n","protected":false},"author":132,"featured_media":8645,"comment_status":"open","ping_status":"closed","sticky":false,"template":"","format":"standard","meta":{"_bbp_topic_count":0,"_bbp_reply_count":0,"_bbp_total_topic_count":0,"_bbp_total_reply_count":0,"_bbp_voice_count":0,"_bbp_anonymous_reply_count":0,"_bbp_topic_count_hidden":0,"_bbp_reply_count_hidden":0,"_bbp_forum_subforum_count":0,"footnotes":""},"categories":[128,1,4,5],"tags":[],"class_list":["post-8602","post","type-post","status-publish","format-standard","has-post-thumbnail","hentry","category-comunitat-de-grans","category-general","category-portada","category-primaria"],"post_mailing_queue_ids":[],"_links":{"self":[{"href":"https:\/\/agora.xtec.cat\/escolalavilapalamos\/wp-json\/wp\/v2\/posts\/8602","targetHints":{"allow":["GET"]}}],"collection":[{"href":"https:\/\/agora.xtec.cat\/escolalavilapalamos\/wp-json\/wp\/v2\/posts"}],"about":[{"href":"https:\/\/agora.xtec.cat\/escolalavilapalamos\/wp-json\/wp\/v2\/types\/post"}],"author":[{"embeddable":true,"href":"https:\/\/agora.xtec.cat\/escolalavilapalamos\/wp-json\/wp\/v2\/users\/132"}],"replies":[{"embeddable":true,"href":"https:\/\/agora.xtec.cat\/escolalavilapalamos\/wp-json\/wp\/v2\/comments?post=8602"}],"version-history":[{"count":3,"href":"https:\/\/agora.xtec.cat\/escolalavilapalamos\/wp-json\/wp\/v2\/posts\/8602\/revisions"}],"predecessor-version":[{"id":8644,"href":"https:\/\/agora.xtec.cat\/escolalavilapalamos\/wp-json\/wp\/v2\/posts\/8602\/revisions\/8644"}],"wp:featuredmedia":[{"embeddable":true,"href":"https:\/\/agora.xtec.cat\/escolalavilapalamos\/wp-json\/wp\/v2\/media\/8645"}],"wp:attachment":[{"href":"https:\/\/agora.xtec.cat\/escolalavilapalamos\/wp-json\/wp\/v2\/media?parent=8602"}],"wp:term":[{"taxonomy":"category","embeddable":true,"href":"https:\/\/agora.xtec.cat\/escolalavilapalamos\/wp-json\/wp\/v2\/categories?post=8602"},{"taxonomy":"post_tag","embeddable":true,"href":"https:\/\/agora.xtec.cat\/escolalavilapalamos\/wp-json\/wp\/v2\/tags?post=8602"}],"curies":[{"name":"wp","href":"https:\/\/api.w.org\/{rel}","templated":true}]}}