{"id":8575,"date":"2020-12-04T17:48:47","date_gmt":"2020-12-04T16:48:47","guid":{"rendered":"http:\/\/agora.xtec.cat\/escolalavilapalamos\/?p=8575"},"modified":"2020-12-09T18:21:27","modified_gmt":"2020-12-09T17:21:27","slug":"hem-fet-el-cros-escolar-2020","status":"publish","type":"post","link":"https:\/\/agora.xtec.cat\/escolalavilapalamos\/general\/hem-fet-el-cros-escolar-2020\/","title":{"rendered":"Hem fet el Cros Escolar 2020!"},"content":{"rendered":"<p><img loading=\"lazy\" decoding=\"async\" class=\"wp-image-8587 alignright\" src=\"https:\/\/agora.xtec.cat\/escolalavilapalamos\/wp-content\/uploads\/usu897\/2020\/12\/IMG_20201130_092245-1024x768.jpg\" alt=\"\" width=\"410\" height=\"307\" srcset=\"https:\/\/agora.xtec.cat\/escolalavilapalamos\/wp-content\/uploads\/usu897\/2020\/12\/IMG_20201130_092245-1024x768.jpg 1024w, https:\/\/agora.xtec.cat\/escolalavilapalamos\/wp-content\/uploads\/usu897\/2020\/12\/IMG_20201130_092245-300x225.jpg 300w, https:\/\/agora.xtec.cat\/escolalavilapalamos\/wp-content\/uploads\/usu897\/2020\/12\/IMG_20201130_092245-768x576.jpg 768w, https:\/\/agora.xtec.cat\/escolalavilapalamos\/wp-content\/uploads\/usu897\/2020\/12\/IMG_20201130_092245-200x150.jpg 200w\" sizes=\"auto, (max-width: 410px) 100vw, 410px\" \/><\/p>\n<p>Aquest curs s&#8217;ha celebrat la 27\u00aa edici\u00f3 del Cros escolar. Com a novetat i degut a la pand\u00e8mia, la celebraci\u00f3 s&#8217;ha dut a terme durant aquesta setmana a la nostra escola. L&#8217;alumnat de P5 fins a 6\u00e8 ha participat i gaudit d&#8217;aquesta festa de l&#8217;esport.<\/p>\n<p>A continuaci\u00f3 us deixem els enlla\u00e7os on podeu visualitzar fotografies de les curses.<\/p>\n<p><a href=\"https:\/\/photos.app.goo.gl\/J4mkGEZjvRKtUP6C6\">Fotos P5<\/a><a href=\"https:\/\/photos.app.goo.gl\/J4mkGEZjvRKtUP6C6\"> \u00a0 \u00a0 <\/a><a href=\"https:\/\/photos.app.goo.gl\/AGrugQTgvZKyjGJfA\">Fotos 1r \u00a0 \u00a0 \u00a0<\/a><a href=\"https:\/\/photos.app.goo.gl\/y7H7zpVwKG3jayrb6\">Fotos 2n \u00a0 \u00a0 \u00a0<\/a><a href=\"https:\/\/photos.app.goo.gl\/xxp5J4eYRBpicaNu8\">Fotos 3r \u00a0 \u00a0 \u00a0 <\/a><a href=\"https:\/\/photos.app.goo.gl\/279NnY9viMfeMUi68\">Fotos 4t\u00a0 \u00a0 \u00a0 <\/a> \u00a0<a href=\"https:\/\/photos.app.goo.gl\/Px9L2ZLDsji9owky8\">Fotos 5\u00e8 \u00a0 \u00a0 \u00a0<\/a><a href=\"https:\/\/photos.app.goo.gl\/ft246vqhUDdkt3Wu5\">Fotos 6\u00e8<\/a><\/p>\n","protected":false},"excerpt":{"rendered":"<p>Aquest curs s&#8217;ha celebrat la 27\u00aa edici\u00f3 del Cros escolar. Com a novetat i degut a la pand\u00e8mia, la celebraci\u00f3 s&#8217;ha dut a terme durant aquesta setmana a la nostra escola. L&#8217;alumnat de P5 fins a 6\u00e8 ha participat i gaudit d&#8217;aquesta festa de l&#8217;esport.<br \/>\nA&hellip;  <a href=\"https:\/\/agora.xtec.cat\/escolalavilapalamos\/general\/hem-fet-el-cros-escolar-2020\/\" title=\"Read Hem fet el Cros Escolar 2020!\">Llegeix m\u00e9s\u00bb<\/a><\/p>\n","protected":false},"author":167,"featured_media":8587,"comment_status":"open","ping_status":"closed","sticky":false,"template":"","format":"standard","meta":{"_bbp_topic_count":0,"_bbp_reply_count":0,"_bbp_total_topic_count":0,"_bbp_total_reply_count":0,"_bbp_voice_count":0,"_bbp_anonymous_reply_count":0,"_bbp_topic_count_hidden":0,"_bbp_reply_count_hidden":0,"_bbp_forum_subforum_count":0,"footnotes":""},"categories":[70,1,4],"tags":[],"class_list":["post-8575","post","type-post","status-publish","format-standard","has-post-thumbnail","hentry","category-efi","category-general","category-portada"],"post_mailing_queue_ids":[],"_links":{"self":[{"href":"https:\/\/agora.xtec.cat\/escolalavilapalamos\/wp-json\/wp\/v2\/posts\/8575","targetHints":{"allow":["GET"]}}],"collection":[{"href":"https:\/\/agora.xtec.cat\/escolalavilapalamos\/wp-json\/wp\/v2\/posts"}],"about":[{"href":"https:\/\/agora.xtec.cat\/escolalavilapalamos\/wp-json\/wp\/v2\/types\/post"}],"author":[{"embeddable":true,"href":"https:\/\/agora.xtec.cat\/escolalavilapalamos\/wp-json\/wp\/v2\/users\/167"}],"replies":[{"embeddable":true,"href":"https:\/\/agora.xtec.cat\/escolalavilapalamos\/wp-json\/wp\/v2\/comments?post=8575"}],"version-history":[{"count":3,"href":"https:\/\/agora.xtec.cat\/escolalavilapalamos\/wp-json\/wp\/v2\/posts\/8575\/revisions"}],"predecessor-version":[{"id":8594,"href":"https:\/\/agora.xtec.cat\/escolalavilapalamos\/wp-json\/wp\/v2\/posts\/8575\/revisions\/8594"}],"wp:featuredmedia":[{"embeddable":true,"href":"https:\/\/agora.xtec.cat\/escolalavilapalamos\/wp-json\/wp\/v2\/media\/8587"}],"wp:attachment":[{"href":"https:\/\/agora.xtec.cat\/escolalavilapalamos\/wp-json\/wp\/v2\/media?parent=8575"}],"wp:term":[{"taxonomy":"category","embeddable":true,"href":"https:\/\/agora.xtec.cat\/escolalavilapalamos\/wp-json\/wp\/v2\/categories?post=8575"},{"taxonomy":"post_tag","embeddable":true,"href":"https:\/\/agora.xtec.cat\/escolalavilapalamos\/wp-json\/wp\/v2\/tags?post=8575"}],"curies":[{"name":"wp","href":"https:\/\/api.w.org\/{rel}","templated":true}]}}