{"id":8543,"date":"2020-12-10T11:07:22","date_gmt":"2020-12-10T10:07:22","guid":{"rendered":"http:\/\/agora.xtec.cat\/escolalavilapalamos\/?p=8543"},"modified":"2020-12-10T15:12:57","modified_gmt":"2020-12-10T14:12:57","slug":"el-cotxe-autonom-del-futur","status":"publish","type":"post","link":"https:\/\/agora.xtec.cat\/escolalavilapalamos\/general\/el-cotxe-autonom-del-futur\/","title":{"rendered":"El cotxe aut\u00f2nom del futur"},"content":{"rendered":"<p>.<\/p>\n<p><img loading=\"lazy\" decoding=\"async\" class=\"alignright\" src=\"https:\/\/i.pinimg.com\/736x\/bf\/8d\/c0\/bf8dc098e73deffcfcac689b4fef3027.jpg\" alt=\"Pin on Inspiraci\u00f3n\" width=\"527\" height=\"317\" \/><\/p>\n<p>Un\u00a0<b>vehicle aut\u00f2nom<\/b>, tamb\u00e9 conegut com a\u00a0<b>rob\u00f2tic<\/b>, o informalment com a\u00a0<b>sense conductor<\/b>\u00a0o\u00a0<b>autocondu\u00eft<\/b>, \u00e9s un\u00a0autom\u00f2bil aut\u00f2nom capa\u00e7 d&#8217;imitar les capacitats humanes de maneig i control. Com a vehicle aut\u00f2nom \u00e9s capa\u00e7 de percebre el mitj\u00e0 que l&#8217;envolta i navegar en conseq\u00fc\u00e8ncia. El conductor podr\u00e0 triar la destinaci\u00f3, per\u00f2 no haur\u00e0 de fer cap operaci\u00f3 mec\u00e0nica del vehicle.<\/p>\n<p>Els vehicles aut\u00f2noms perceben l&#8217;entorn mitjan\u00e7ant t\u00e8cniques complexes com ara\u00a0l\u00e0ser,\u00a0radar,\u00a0lidar,\u00a0sistema de posicionament global\u00a0i\u00a0visi\u00f3 artificial. Els sistemes avan\u00e7ats de control interpreten la informaci\u00f3 per identificar la ruta apropiada, aix\u00ed com els obstacles i la senyalitzaci\u00f3 rellevant. Els vehicles aut\u00f2noms generalment s\u00f3n capa\u00e7os de rec\u00f3rrer carreteres pr\u00e8viament programades i requereixen una reproducci\u00f3 cartogr\u00e0fica del terreny, amb la qual cosa si una ruta no est\u00e0 recollida pel sistema es pot donar el cas que no pugui avan\u00e7ar de forma coherent i normal.<\/p>\n<p>Els cotxes aut\u00f2noms del futur es podran conduir sols i no caldr\u00e0 conduir-los. Podran anar sols sense problema. De vegades, poden haver accidents i cal anar amb compte. Els cotxes aut\u00f2noms s\u00f3n impressionants. Podem connectar amb altres cotxes que estan al seu voltant.<\/p>\n<p>ZACARIA CHAREF i ABDELILLAH KHELF<\/p>\n","protected":false},"excerpt":{"rendered":"<p>.<\/p>\n<p>Un\u00a0vehicle aut\u00f2nom, tamb\u00e9 conegut com a\u00a0rob\u00f2tic, o informalment com a\u00a0sense conductor\u00a0o\u00a0autocondu\u00eft, \u00e9s un\u00a0autom\u00f2bil aut\u00f2nom capa\u00e7 d&#8217;imitar les capacitats humanes de maneig i control. Com a vehicle aut\u00f2nom \u00e9s capa\u00e7 de percebre el mitj\u00e0 que l&#8217;envolta i navegar en conseq\u00fc\u00e8ncia. El conductor podr\u00e0 triar la destinaci\u00f3,&hellip;  <a href=\"https:\/\/agora.xtec.cat\/escolalavilapalamos\/general\/el-cotxe-autonom-del-futur\/\" title=\"Read El cotxe aut\u00f2nom del futur\">Llegeix m\u00e9s\u00bb<\/a><\/p>\n","protected":false},"author":171,"featured_media":8601,"comment_status":"open","ping_status":"closed","sticky":false,"template":"","format":"standard","meta":{"_bbp_topic_count":0,"_bbp_reply_count":0,"_bbp_total_topic_count":0,"_bbp_total_reply_count":0,"_bbp_voice_count":0,"_bbp_anonymous_reply_count":0,"_bbp_topic_count_hidden":0,"_bbp_reply_count_hidden":0,"_bbp_forum_subforum_count":0,"footnotes":""},"categories":[1,131],"tags":[],"class_list":["post-8543","post","type-post","status-publish","format-standard","has-post-thumbnail","hentry","category-general","category-setmana-de-la-ciencia"],"post_mailing_queue_ids":[],"_links":{"self":[{"href":"https:\/\/agora.xtec.cat\/escolalavilapalamos\/wp-json\/wp\/v2\/posts\/8543","targetHints":{"allow":["GET"]}}],"collection":[{"href":"https:\/\/agora.xtec.cat\/escolalavilapalamos\/wp-json\/wp\/v2\/posts"}],"about":[{"href":"https:\/\/agora.xtec.cat\/escolalavilapalamos\/wp-json\/wp\/v2\/types\/post"}],"author":[{"embeddable":true,"href":"https:\/\/agora.xtec.cat\/escolalavilapalamos\/wp-json\/wp\/v2\/users\/171"}],"replies":[{"embeddable":true,"href":"https:\/\/agora.xtec.cat\/escolalavilapalamos\/wp-json\/wp\/v2\/comments?post=8543"}],"version-history":[{"count":3,"href":"https:\/\/agora.xtec.cat\/escolalavilapalamos\/wp-json\/wp\/v2\/posts\/8543\/revisions"}],"predecessor-version":[{"id":8619,"href":"https:\/\/agora.xtec.cat\/escolalavilapalamos\/wp-json\/wp\/v2\/posts\/8543\/revisions\/8619"}],"wp:featuredmedia":[{"embeddable":true,"href":"https:\/\/agora.xtec.cat\/escolalavilapalamos\/wp-json\/wp\/v2\/media\/8601"}],"wp:attachment":[{"href":"https:\/\/agora.xtec.cat\/escolalavilapalamos\/wp-json\/wp\/v2\/media?parent=8543"}],"wp:term":[{"taxonomy":"category","embeddable":true,"href":"https:\/\/agora.xtec.cat\/escolalavilapalamos\/wp-json\/wp\/v2\/categories?post=8543"},{"taxonomy":"post_tag","embeddable":true,"href":"https:\/\/agora.xtec.cat\/escolalavilapalamos\/wp-json\/wp\/v2\/tags?post=8543"}],"curies":[{"name":"wp","href":"https:\/\/api.w.org\/{rel}","templated":true}]}}