{"id":8540,"date":"2020-12-11T18:09:23","date_gmt":"2020-12-11T17:09:23","guid":{"rendered":"http:\/\/agora.xtec.cat\/escolalavilapalamos\/?p=8540"},"modified":"2020-12-11T18:13:38","modified_gmt":"2020-12-11T17:13:38","slug":"el-linx-iberic","status":"publish","type":"post","link":"https:\/\/agora.xtec.cat\/escolalavilapalamos\/general\/el-linx-iberic\/","title":{"rendered":"El linx ib\u00e8ric"},"content":{"rendered":"<p><img decoding=\"async\" class=\"alignleft\" src=\"https:\/\/i.pinimg.com\/200x150\/a8\/56\/d6\/a856d625ea8f526ab3c43fe6ca9b7eda.jpg\" alt=\"40+ mejores im\u00e1genes de Lince iberico | lince iberico, lince, felinos\" \/><strong>Alimentaci\u00f3 del linx<\/strong>. El\u00a0 linx \u00e9s un animal molt bonic que s&#8217;assembla a un gat gros. \u00c9s\u00a0 un carn\u00edvor amb un sigil que li permet\u00a0 ca\u00e7ar conills (la seva presa favorita)\u00a0 i altres\u00a0 petits mam\u00edfers, aix\u00ed com\u00a0 \u00e0necs\u00a0 i altres ocells i\u00a0 de\u00a0 vegades\u00a0 ben rarament ca\u00e7a perdius.<\/p>\n<p><strong>H\u00e0bitat.<\/strong> Viu en zones de bosc mediterrani ben conservades\u00a0 i amb abundant matoll. Tot i que avui\u00a0 es troba a la vora de l&#8217;extinci\u00f3, el linx\u00a0 va arribar a ocupar gran part de la pen\u00ednsula Ib\u00e8rica fa mols anys.<\/p>\n<p><strong>Costums.<\/strong> Un linx recorre\u00a0 dist\u00e0ncies\u00a0 d&#8217;uns\u00a0 cinc quil\u00f2metres\u00a0 diaris\u00a0 per ca\u00e7ar\u00a0 i prefereix\u00a0 capturar\u00a0 els ocells\u00a0 a la nit mentre dormen sobretot quan hi ha lluna plena.<\/p>\n<p>El linx \u00e9s caracteritza pel llarg floc de p\u00e8l que llueix sobre les orelles anomenat plomall que l&#8217;ajuda a millorar la seva capacitat d&#8217;audici\u00f3, tot i que d&#8217;altres opinen que pot servir-li per espantar mosques i altres insectes i suplir aix\u00ed la funci\u00f3 que no pot complir la cua curta que t\u00e9.<\/p>\n<p>Gorka Martin Alonso<\/p>\n<p><iframe loading=\"lazy\" title=\"Lince Ib\u00e9rico | Documental Completo en Espa\u00f1ol\" width=\"500\" height=\"281\" src=\"https:\/\/www.youtube.com\/embed\/qrGpdN8B3CE?feature=oembed\" frameborder=\"0\" allow=\"accelerometer; autoplay; clipboard-write; encrypted-media; gyroscope; picture-in-picture; web-share\" referrerpolicy=\"strict-origin-when-cross-origin\" allowfullscreen><\/iframe><\/p>\n<p>&nbsp;<\/p>\n","protected":false},"excerpt":{"rendered":"<p>Alimentaci\u00f3 del linx. El\u00a0 linx \u00e9s un animal molt bonic que s&#8217;assembla a un gat gros. \u00c9s\u00a0 un carn\u00edvor amb un sigil que li permet\u00a0 ca\u00e7ar conills (la seva presa favorita)\u00a0 i altres\u00a0 petits mam\u00edfers, aix\u00ed com\u00a0 \u00e0necs\u00a0 i altres ocells i\u00a0 de\u00a0 vegades\u00a0 ben&hellip;  <a href=\"https:\/\/agora.xtec.cat\/escolalavilapalamos\/general\/el-linx-iberic\/\" title=\"Read El linx ib\u00e8ric\">Llegeix m\u00e9s\u00bb<\/a><\/p>\n","protected":false},"author":171,"featured_media":8691,"comment_status":"open","ping_status":"closed","sticky":false,"template":"","format":"standard","meta":{"_bbp_topic_count":0,"_bbp_reply_count":0,"_bbp_total_topic_count":0,"_bbp_total_reply_count":0,"_bbp_voice_count":0,"_bbp_anonymous_reply_count":0,"_bbp_topic_count_hidden":0,"_bbp_reply_count_hidden":0,"_bbp_forum_subforum_count":0,"footnotes":""},"categories":[1,131],"tags":[],"class_list":["post-8540","post","type-post","status-publish","format-standard","has-post-thumbnail","hentry","category-general","category-setmana-de-la-ciencia"],"post_mailing_queue_ids":[],"_links":{"self":[{"href":"https:\/\/agora.xtec.cat\/escolalavilapalamos\/wp-json\/wp\/v2\/posts\/8540","targetHints":{"allow":["GET"]}}],"collection":[{"href":"https:\/\/agora.xtec.cat\/escolalavilapalamos\/wp-json\/wp\/v2\/posts"}],"about":[{"href":"https:\/\/agora.xtec.cat\/escolalavilapalamos\/wp-json\/wp\/v2\/types\/post"}],"author":[{"embeddable":true,"href":"https:\/\/agora.xtec.cat\/escolalavilapalamos\/wp-json\/wp\/v2\/users\/171"}],"replies":[{"embeddable":true,"href":"https:\/\/agora.xtec.cat\/escolalavilapalamos\/wp-json\/wp\/v2\/comments?post=8540"}],"version-history":[{"count":2,"href":"https:\/\/agora.xtec.cat\/escolalavilapalamos\/wp-json\/wp\/v2\/posts\/8540\/revisions"}],"predecessor-version":[{"id":8690,"href":"https:\/\/agora.xtec.cat\/escolalavilapalamos\/wp-json\/wp\/v2\/posts\/8540\/revisions\/8690"}],"wp:featuredmedia":[{"embeddable":true,"href":"https:\/\/agora.xtec.cat\/escolalavilapalamos\/wp-json\/wp\/v2\/media\/8691"}],"wp:attachment":[{"href":"https:\/\/agora.xtec.cat\/escolalavilapalamos\/wp-json\/wp\/v2\/media?parent=8540"}],"wp:term":[{"taxonomy":"category","embeddable":true,"href":"https:\/\/agora.xtec.cat\/escolalavilapalamos\/wp-json\/wp\/v2\/categories?post=8540"},{"taxonomy":"post_tag","embeddable":true,"href":"https:\/\/agora.xtec.cat\/escolalavilapalamos\/wp-json\/wp\/v2\/tags?post=8540"}],"curies":[{"name":"wp","href":"https:\/\/api.w.org\/{rel}","templated":true}]}}