{"id":8533,"date":"2020-12-01T19:59:51","date_gmt":"2020-12-01T18:59:51","guid":{"rendered":"http:\/\/agora.xtec.cat\/escolalavilapalamos\/?p=8533"},"modified":"2020-12-01T20:11:30","modified_gmt":"2020-12-01T19:11:30","slug":"descobrim-lletres-i-puzzles-a-p3","status":"publish","type":"post","link":"https:\/\/agora.xtec.cat\/escolalavilapalamos\/general\/descobrim-lletres-i-puzzles-a-p3\/","title":{"rendered":"Descobrim lletres i puzzles a P3"},"content":{"rendered":"<p><img loading=\"lazy\" decoding=\"async\" class=\"size-medium wp-image-8568 alignright\" src=\"https:\/\/agora.xtec.cat\/escolalavilapalamos\/wp-content\/uploads\/usu897\/2020\/12\/P1010467-640x480-300x225.jpg\" alt=\"\" width=\"300\" height=\"225\" srcset=\"https:\/\/agora.xtec.cat\/escolalavilapalamos\/wp-content\/uploads\/usu897\/2020\/12\/P1010467-640x480-300x225.jpg 300w, https:\/\/agora.xtec.cat\/escolalavilapalamos\/wp-content\/uploads\/usu897\/2020\/12\/P1010467-640x480-200x150.jpg 200w, https:\/\/agora.xtec.cat\/escolalavilapalamos\/wp-content\/uploads\/usu897\/2020\/12\/P1010467-640x480.jpg 640w\" sizes=\"auto, (max-width: 300px) 100vw, 300px\" \/>Despr\u00e9s de l&#8217;adaptaci\u00f3 anem descobrint jocs i propostes diferents on aprenem a relacionar-nos i a compartir,aix\u00ed com a gaudir del nostre dia a dia.<\/p>\n<p style=\"text-align: left;\">Us presentem un recull de fotos de dues activitats concretes que hem volgut compartir amb vosaltres,que s\u00f3n el descobriment de les lletres identificant-les amb el seu nom, i tamb\u00e9 l&#8217;activitat de puzzles on el nivell de complexitat ha estat gradual, anant d&#8217;encaixos m\u00e9s senzills a puzzles m\u00e9s dif\u00edcils.<\/p>\n<p style=\"text-align: left;\">Esperem que ho compartiu amb els vostres fills\/filles i us expliquin com ho han viscut!!<\/p>\n<p><a href=\"https:\/\/photos.app.goo.gl\/ajunBZc1rgSQdmVp6\">Clica aqu\u00ed per veure les fotos<\/a><\/p>\n<p style=\"text-align: left;\">Les mestres de P3<\/p>\n<p>&nbsp;<\/p>\n","protected":false},"excerpt":{"rendered":"<p>Despr\u00e9s de l&#8217;adaptaci\u00f3 anem descobrint jocs i propostes diferents on aprenem a relacionar-nos i a compartir,aix\u00ed com a gaudir del nostre dia a dia.<br \/>\nUs presentem un recull de fotos de dues activitats concretes que hem volgut compartir amb vosaltres,que s\u00f3n el descobriment de les lletres&hellip;  <a href=\"https:\/\/agora.xtec.cat\/escolalavilapalamos\/general\/descobrim-lletres-i-puzzles-a-p3\/\" title=\"Read Descobrim lletres i puzzles a P3\">Llegeix m\u00e9s\u00bb<\/a><\/p>\n","protected":false},"author":128,"featured_media":8568,"comment_status":"open","ping_status":"closed","sticky":false,"template":"","format":"standard","meta":{"_bbp_topic_count":0,"_bbp_reply_count":0,"_bbp_total_topic_count":0,"_bbp_total_reply_count":0,"_bbp_voice_count":0,"_bbp_anonymous_reply_count":0,"_bbp_topic_count_hidden":0,"_bbp_reply_count_hidden":0,"_bbp_forum_subforum_count":0,"footnotes":""},"categories":[2,1,4,5],"tags":[],"class_list":["post-8533","post","type-post","status-publish","format-standard","has-post-thumbnail","hentry","category-infantil","category-general","category-portada","category-primaria"],"post_mailing_queue_ids":[],"_links":{"self":[{"href":"https:\/\/agora.xtec.cat\/escolalavilapalamos\/wp-json\/wp\/v2\/posts\/8533","targetHints":{"allow":["GET"]}}],"collection":[{"href":"https:\/\/agora.xtec.cat\/escolalavilapalamos\/wp-json\/wp\/v2\/posts"}],"about":[{"href":"https:\/\/agora.xtec.cat\/escolalavilapalamos\/wp-json\/wp\/v2\/types\/post"}],"author":[{"embeddable":true,"href":"https:\/\/agora.xtec.cat\/escolalavilapalamos\/wp-json\/wp\/v2\/users\/128"}],"replies":[{"embeddable":true,"href":"https:\/\/agora.xtec.cat\/escolalavilapalamos\/wp-json\/wp\/v2\/comments?post=8533"}],"version-history":[{"count":3,"href":"https:\/\/agora.xtec.cat\/escolalavilapalamos\/wp-json\/wp\/v2\/posts\/8533\/revisions"}],"predecessor-version":[{"id":8570,"href":"https:\/\/agora.xtec.cat\/escolalavilapalamos\/wp-json\/wp\/v2\/posts\/8533\/revisions\/8570"}],"wp:featuredmedia":[{"embeddable":true,"href":"https:\/\/agora.xtec.cat\/escolalavilapalamos\/wp-json\/wp\/v2\/media\/8568"}],"wp:attachment":[{"href":"https:\/\/agora.xtec.cat\/escolalavilapalamos\/wp-json\/wp\/v2\/media?parent=8533"}],"wp:term":[{"taxonomy":"category","embeddable":true,"href":"https:\/\/agora.xtec.cat\/escolalavilapalamos\/wp-json\/wp\/v2\/categories?post=8533"},{"taxonomy":"post_tag","embeddable":true,"href":"https:\/\/agora.xtec.cat\/escolalavilapalamos\/wp-json\/wp\/v2\/tags?post=8533"}],"curies":[{"name":"wp","href":"https:\/\/api.w.org\/{rel}","templated":true}]}}