{"id":8527,"date":"2020-12-01T12:03:10","date_gmt":"2020-12-01T11:03:10","guid":{"rendered":"http:\/\/agora.xtec.cat\/escolalavilapalamos\/?p=8527"},"modified":"2020-12-01T15:40:34","modified_gmt":"2020-12-01T14:40:34","slug":"articles-cientifics-per-la-setmana-de-la-ciencia","status":"publish","type":"post","link":"https:\/\/agora.xtec.cat\/escolalavilapalamos\/general\/articles-cientifics-per-la-setmana-de-la-ciencia\/","title":{"rendered":"Articles cient\u00edfics per la Setmana de la Ci\u00e8ncia"},"content":{"rendered":"<p><a href=\"https:\/\/agora.xtec.cat\/escolalavilapalamos\/wp-content\/uploads\/usu897\/2020\/12\/preview.gif\"><img loading=\"lazy\" decoding=\"async\" class=\" wp-image-8529 alignright\" src=\"https:\/\/agora.xtec.cat\/escolalavilapalamos\/wp-content\/uploads\/usu897\/2020\/12\/preview-300x225.gif\" alt=\"\" width=\"303\" height=\"227\" srcset=\"https:\/\/agora.xtec.cat\/escolalavilapalamos\/wp-content\/uploads\/usu897\/2020\/12\/preview-300x225.gif 300w, https:\/\/agora.xtec.cat\/escolalavilapalamos\/wp-content\/uploads\/usu897\/2020\/12\/preview-768x576.gif 768w, https:\/\/agora.xtec.cat\/escolalavilapalamos\/wp-content\/uploads\/usu897\/2020\/12\/preview-1024x768.gif 1024w, https:\/\/agora.xtec.cat\/escolalavilapalamos\/wp-content\/uploads\/usu897\/2020\/12\/preview-200x150.gif 200w\" sizes=\"auto, (max-width: 303px) 100vw, 303px\" \/><\/a>Els nois i noies de 5\u00e8 han estat treballant diferents <strong>articles de ci\u00e8ncies i tecnologia en el marc de la 25a Setmana de la Ci\u00e8ncia.<\/strong> Temes com l&#8217;espai, l&#8217;astronomia, els animals, la hist\u00f2ria, l&#8217;arqueologia i les noves tecnologies.<\/p>\n<p>Han treballat en parelles fent una recerca sobre un tema d&#8217;inter\u00e8s i en tots els articles podreu trobar un petit text explicatiu, fotografies, enlla\u00e7os i un v\u00eddeo de la tem\u00e0tica treballada.<\/p>\n<p><a href=\"https:\/\/agora.xtec.cat\/escolalavilapalamos\/categoria\/comunitat-de-grans\/setmana-de-la-ciencia\/\">Aqu\u00ed trobareu tots els articles treballats<\/a><\/p>\n<p>Esperem que ho trobeu interessant !<\/p>\n<p>&nbsp;<\/p>\n","protected":false},"excerpt":{"rendered":"<p><a href=\"https:\/\/agora.xtec.cat\/escolalavilapalamos\/wp-content\/uploads\/usu897\/2020\/12\/preview.gif\"><\/a>Els nois i noies de 5\u00e8 han estat treballant diferents articles de ci\u00e8ncies i tecnologia en el marc de la 25a Setmana de la Ci\u00e8ncia. Temes com l&#8217;espai, l&#8217;astronomia, els animals, la hist\u00f2ria, l&#8217;arqueologia i les noves tecnologies.<br \/>\nHan treballat en parelles fent una recerca&hellip;  <a href=\"https:\/\/agora.xtec.cat\/escolalavilapalamos\/general\/articles-cientifics-per-la-setmana-de-la-ciencia\/\" title=\"Read Articles cient\u00edfics per la Setmana de la Ci\u00e8ncia\">Llegeix m\u00e9s\u00bb<\/a><\/p>\n","protected":false},"author":1,"featured_media":8529,"comment_status":"open","ping_status":"closed","sticky":false,"template":"","format":"standard","meta":{"_bbp_topic_count":0,"_bbp_reply_count":0,"_bbp_total_topic_count":0,"_bbp_total_reply_count":0,"_bbp_voice_count":0,"_bbp_anonymous_reply_count":0,"_bbp_topic_count_hidden":0,"_bbp_reply_count_hidden":0,"_bbp_forum_subforum_count":0,"footnotes":""},"categories":[128,1,4],"tags":[],"class_list":["post-8527","post","type-post","status-publish","format-standard","has-post-thumbnail","hentry","category-comunitat-de-grans","category-general","category-portada"],"post_mailing_queue_ids":[],"_links":{"self":[{"href":"https:\/\/agora.xtec.cat\/escolalavilapalamos\/wp-json\/wp\/v2\/posts\/8527","targetHints":{"allow":["GET"]}}],"collection":[{"href":"https:\/\/agora.xtec.cat\/escolalavilapalamos\/wp-json\/wp\/v2\/posts"}],"about":[{"href":"https:\/\/agora.xtec.cat\/escolalavilapalamos\/wp-json\/wp\/v2\/types\/post"}],"author":[{"embeddable":true,"href":"https:\/\/agora.xtec.cat\/escolalavilapalamos\/wp-json\/wp\/v2\/users\/1"}],"replies":[{"embeddable":true,"href":"https:\/\/agora.xtec.cat\/escolalavilapalamos\/wp-json\/wp\/v2\/comments?post=8527"}],"version-history":[{"count":3,"href":"https:\/\/agora.xtec.cat\/escolalavilapalamos\/wp-json\/wp\/v2\/posts\/8527\/revisions"}],"predecessor-version":[{"id":8556,"href":"https:\/\/agora.xtec.cat\/escolalavilapalamos\/wp-json\/wp\/v2\/posts\/8527\/revisions\/8556"}],"wp:featuredmedia":[{"embeddable":true,"href":"https:\/\/agora.xtec.cat\/escolalavilapalamos\/wp-json\/wp\/v2\/media\/8529"}],"wp:attachment":[{"href":"https:\/\/agora.xtec.cat\/escolalavilapalamos\/wp-json\/wp\/v2\/media?parent=8527"}],"wp:term":[{"taxonomy":"category","embeddable":true,"href":"https:\/\/agora.xtec.cat\/escolalavilapalamos\/wp-json\/wp\/v2\/categories?post=8527"},{"taxonomy":"post_tag","embeddable":true,"href":"https:\/\/agora.xtec.cat\/escolalavilapalamos\/wp-json\/wp\/v2\/tags?post=8527"}],"curies":[{"name":"wp","href":"https:\/\/api.w.org\/{rel}","templated":true}]}}