{"id":8472,"date":"2020-11-13T20:47:47","date_gmt":"2020-11-13T19:47:47","guid":{"rendered":"http:\/\/agora.xtec.cat\/escolalavilapalamos\/?p=8472"},"modified":"2020-11-29T20:48:53","modified_gmt":"2020-11-29T19:48:53","slug":"25a-setmana-de-la-ciencia","status":"publish","type":"post","link":"https:\/\/agora.xtec.cat\/escolalavilapalamos\/general\/25a-setmana-de-la-ciencia\/","title":{"rendered":"25a Setmana de la Ci\u00e8ncia"},"content":{"rendered":"<h3 style=\"text-align: center;\">\n<a href=\"https:\/\/agora.xtec.cat\/escolalavilapalamos\/wp-content\/uploads\/usu897\/2020\/11\/sc20.jpg\"><img loading=\"lazy\" decoding=\"async\" class=\"wp-image-8159 alignleft\" src=\"https:\/\/agora.xtec.cat\/escolalavilapalamos\/wp-content\/uploads\/usu897\/2020\/11\/sc20-724x1024.jpg\" alt=\"\" width=\"334\" height=\"472\" srcset=\"https:\/\/agora.xtec.cat\/escolalavilapalamos\/wp-content\/uploads\/usu897\/2020\/11\/sc20-724x1024.jpg 724w, https:\/\/agora.xtec.cat\/escolalavilapalamos\/wp-content\/uploads\/usu897\/2020\/11\/sc20-212x300.jpg 212w, https:\/\/agora.xtec.cat\/escolalavilapalamos\/wp-content\/uploads\/usu897\/2020\/11\/sc20-768x1086.jpg 768w\" sizes=\"auto, (max-width: 334px) 100vw, 334px\" \/><\/a><\/h3>\n<div class=\"col-lg-6 col-md-12 col-sm-12 col-xs-12\">\n<p><strong>Del 14 al 29 de novembre es celebra a Catalunya la 25a Setmana de la Ci\u00e8ncia. <\/strong>Durant la Setmana de la Ci\u00e8ncia es porten a terme tot un munt d\u2019activitats de disseminaci\u00f3 cient\u00edfica arreu del nostre territori. Jornades de portes obertes, exposicions, xerrades, jocs, tallers cient\u00edfics\u2026 tot un ventall de possibilitats al teu abast en una edici\u00f3 assenyalada en qu\u00e8 fem 25 anys disseminant la ci\u00e8ncia i la tecnologia.<\/p>\n<p>La situaci\u00f3 excepcional viscuda amb motiu de la pand\u00e8mia de la COVID-19, fa que, com no podia ser d\u2019una altra manera, la tem\u00e0tica de l&#8217;SC&#8217;20 se centri en aquesta malaltia, la seva evoluci\u00f3 global i l\u2019estat de la recerca sobre el coronavirus SARS-CoV-2.<\/p>\n<p>La Setmana de la Ci\u00e8ncia \u00e9s una iniciativa coordinada per la <a href=\"https:\/\/www.fundaciorecerca.cat\/\" target=\"_blank\" rel=\"noopener noreferrer\" aria-label=\"Enlla\u00e7 web finestra nova\">Fundaci\u00f3 Catalana per a la Recerca i la Innovaci\u00f3 (FCRI)<\/a>.<\/p>\n<p>La <b>setmana de la ci\u00e8ncia a Catalunya<\/b><sup id=\"cite_ref-1\" class=\"reference\"><\/sup> \u00e9s un programa col\u00b7lectiu d&#8217;activitats, incloent m\u00e9s de 350 actes de divulgaci\u00f3 del coneixement cient\u00edfic arreu Catalunya, organitzada per l&#8217;FCRI. Implica prop de 150 entitats del sistema de recerca: universitats, centres de recerca, museus, associacions i empreses.<\/p>\n<p>T\u00e9 com a objectius oferir a la societat, especialment al jovent, f\u00f3rmules originals i properes de transmissi\u00f3 del coneixement cient\u00edfic que estimulin futures vocacions cient\u00edfiques. Alhora, catalitzar l&#8217;esfor\u00e7 en divulgaci\u00f3 cient\u00edfica de tot el sistema catal\u00e0 de recerca. Una de les activitats m\u00e9s destacades que se celebren en el marc de la <i>setmana de la ci\u00e8ncia<\/i> \u00e9s el <i>dia de la ci\u00e8ncia a les escoles<\/i>.<\/p>\n<\/div>\n","protected":false},"excerpt":{"rendered":"<p><a href=\"https:\/\/agora.xtec.cat\/escolalavilapalamos\/wp-content\/uploads\/usu897\/2020\/11\/sc20.jpg\"><\/a><\/p>\n<p>Del 14 al 29 de novembre es celebra a Catalunya la 25a Setmana de la Ci\u00e8ncia. Durant la Setmana de la Ci\u00e8ncia es porten a terme tot un munt d\u2019activitats de disseminaci\u00f3 cient\u00edfica arreu del nostre territori. Jornades de portes obertes, exposicions, xerrades, jocs,&hellip;  <a href=\"https:\/\/agora.xtec.cat\/escolalavilapalamos\/general\/25a-setmana-de-la-ciencia\/\" title=\"Read 25a Setmana de la Ci\u00e8ncia\">Llegeix m\u00e9s\u00bb<\/a><\/p>\n","protected":false},"author":1,"featured_media":8159,"comment_status":"open","ping_status":"closed","sticky":false,"template":"","format":"standard","meta":{"_bbp_topic_count":0,"_bbp_reply_count":0,"_bbp_total_topic_count":0,"_bbp_total_reply_count":0,"_bbp_voice_count":0,"_bbp_anonymous_reply_count":0,"_bbp_topic_count_hidden":0,"_bbp_reply_count_hidden":0,"_bbp_forum_subforum_count":0,"footnotes":""},"categories":[1,4],"tags":[],"class_list":["post-8472","post","type-post","status-publish","format-standard","has-post-thumbnail","hentry","category-general","category-portada"],"post_mailing_queue_ids":[],"_links":{"self":[{"href":"https:\/\/agora.xtec.cat\/escolalavilapalamos\/wp-json\/wp\/v2\/posts\/8472","targetHints":{"allow":["GET"]}}],"collection":[{"href":"https:\/\/agora.xtec.cat\/escolalavilapalamos\/wp-json\/wp\/v2\/posts"}],"about":[{"href":"https:\/\/agora.xtec.cat\/escolalavilapalamos\/wp-json\/wp\/v2\/types\/post"}],"author":[{"embeddable":true,"href":"https:\/\/agora.xtec.cat\/escolalavilapalamos\/wp-json\/wp\/v2\/users\/1"}],"replies":[{"embeddable":true,"href":"https:\/\/agora.xtec.cat\/escolalavilapalamos\/wp-json\/wp\/v2\/comments?post=8472"}],"version-history":[{"count":1,"href":"https:\/\/agora.xtec.cat\/escolalavilapalamos\/wp-json\/wp\/v2\/posts\/8472\/revisions"}],"predecessor-version":[{"id":8473,"href":"https:\/\/agora.xtec.cat\/escolalavilapalamos\/wp-json\/wp\/v2\/posts\/8472\/revisions\/8473"}],"wp:featuredmedia":[{"embeddable":true,"href":"https:\/\/agora.xtec.cat\/escolalavilapalamos\/wp-json\/wp\/v2\/media\/8159"}],"wp:attachment":[{"href":"https:\/\/agora.xtec.cat\/escolalavilapalamos\/wp-json\/wp\/v2\/media?parent=8472"}],"wp:term":[{"taxonomy":"category","embeddable":true,"href":"https:\/\/agora.xtec.cat\/escolalavilapalamos\/wp-json\/wp\/v2\/categories?post=8472"},{"taxonomy":"post_tag","embeddable":true,"href":"https:\/\/agora.xtec.cat\/escolalavilapalamos\/wp-json\/wp\/v2\/tags?post=8472"}],"curies":[{"name":"wp","href":"https:\/\/api.w.org\/{rel}","templated":true}]}}