{"id":8434,"date":"2020-12-13T17:34:35","date_gmt":"2020-12-13T16:34:35","guid":{"rendered":"http:\/\/agora.xtec.cat\/escolalavilapalamos\/?p=8434"},"modified":"2020-12-13T17:35:07","modified_gmt":"2020-12-13T16:35:07","slug":"com-es-va-crear-la-lluna","status":"publish","type":"post","link":"https:\/\/agora.xtec.cat\/escolalavilapalamos\/general\/com-es-va-crear-la-lluna\/","title":{"rendered":"Com es va crear la Lluna"},"content":{"rendered":"<p><a href=\"https:\/\/ca.wikipedia.org\/wiki\/Lluna\">La Lluna<\/a> es va crear gr\u00e0cies a un impacte d&#8217;un astre que va xocar contra la Terra.<a href=\"https:\/\/agora.xtec.cat\/escolalavilapalamos\/wp-content\/uploads\/usu897\/2020\/12\/Full_Moon_Luc_Viatour.jpg\"><img loading=\"lazy\" decoding=\"async\" class=\"size-medium wp-image-8720 alignright\" src=\"https:\/\/agora.xtec.cat\/escolalavilapalamos\/wp-content\/uploads\/usu897\/2020\/12\/Full_Moon_Luc_Viatour-297x300.jpg\" alt=\"\" width=\"297\" height=\"300\" \/><\/a><\/p>\n<p>Quan es va crear la Lluna? avui en dia sabem que es va crear fa uns 4.500 milions d&#8217;anys. Al mateix moment que el Sol i la Terra i que ho va fer com a <span lang=\"ca\">conseq\u00fc\u00e8ncia de la col\u00b7lisi\u00f3 d&#8217;un embri\u00f3 planetari de la mida de Mart amb la Terra.<br \/>\n<\/span><\/p>\n<p><span class=\"aCOpRe\">La Lluna \u00e9s l&#8217;\u00fanic sat\u00e8l\u00b7lit natural de la Terra. Amb un di\u00e0metre equatorial de 3476 km, \u00e9s el cinqu\u00e8 sat\u00e8l\u00b7lit m\u00e9s gran de sistema solar, mentre que pel que fa a la mida proporcional respecte a super planeta \u00e9s el sat\u00e8l\u00b7lit m\u00e9s gran: un quart de el di\u00e0metre de la Terra i 1\/81 de su massa.T\u00e9 un nucli ric en ferro, i un mantell i una escor\u00e7a amb minerals fets de magnesi, oxigen i silici.<\/span><\/p>\n<p>La Lluna te aigua? El novembre del 2009 un astronauta de la NASA descovrir una quantitat d&#8217;aigua a la Lluna. La NASA creu que l&#8217;aigua pot haver estat distribu\u00efda a la Lluna en temps passats.<\/p>\n<p><iframe loading=\"lazy\" src=\"\/\/www.youtube.com\/embed\/lfPcs0cCJjU\" width=\"560\" height=\"314\"><\/iframe><\/p>\n<p>IRIS SILVA I MOHAMED ZEKHNINI<\/p>\n","protected":false},"excerpt":{"rendered":"<p><a href=\"https:\/\/ca.wikipedia.org\/wiki\/Lluna\">La Lluna<\/a> es va crear gr\u00e0cies a un impacte d&#8217;un astre que va xocar contra la Terra.<a href=\"https:\/\/agora.xtec.cat\/escolalavilapalamos\/wp-content\/uploads\/usu897\/2020\/12\/Full_Moon_Luc_Viatour.jpg\"><\/a><br \/>\nQuan es va crear la Lluna? avui en dia sabem que es va crear fa uns 4.500 milions d&#8217;anys. Al mateix moment que el Sol i la&hellip;  <a href=\"https:\/\/agora.xtec.cat\/escolalavilapalamos\/general\/com-es-va-crear-la-lluna\/\" title=\"Read Com es va crear la Lluna\">Llegeix m\u00e9s\u00bb<\/a><\/p>\n","protected":false},"author":171,"featured_media":8720,"comment_status":"open","ping_status":"closed","sticky":false,"template":"","format":"standard","meta":{"_bbp_topic_count":0,"_bbp_reply_count":0,"_bbp_total_topic_count":0,"_bbp_total_reply_count":0,"_bbp_voice_count":0,"_bbp_anonymous_reply_count":0,"_bbp_topic_count_hidden":0,"_bbp_reply_count_hidden":0,"_bbp_forum_subforum_count":0,"footnotes":""},"categories":[1,131],"tags":[],"class_list":["post-8434","post","type-post","status-publish","format-standard","has-post-thumbnail","hentry","category-general","category-setmana-de-la-ciencia"],"post_mailing_queue_ids":[],"_links":{"self":[{"href":"https:\/\/agora.xtec.cat\/escolalavilapalamos\/wp-json\/wp\/v2\/posts\/8434","targetHints":{"allow":["GET"]}}],"collection":[{"href":"https:\/\/agora.xtec.cat\/escolalavilapalamos\/wp-json\/wp\/v2\/posts"}],"about":[{"href":"https:\/\/agora.xtec.cat\/escolalavilapalamos\/wp-json\/wp\/v2\/types\/post"}],"author":[{"embeddable":true,"href":"https:\/\/agora.xtec.cat\/escolalavilapalamos\/wp-json\/wp\/v2\/users\/171"}],"replies":[{"embeddable":true,"href":"https:\/\/agora.xtec.cat\/escolalavilapalamos\/wp-json\/wp\/v2\/comments?post=8434"}],"version-history":[{"count":3,"href":"https:\/\/agora.xtec.cat\/escolalavilapalamos\/wp-json\/wp\/v2\/posts\/8434\/revisions"}],"predecessor-version":[{"id":8721,"href":"https:\/\/agora.xtec.cat\/escolalavilapalamos\/wp-json\/wp\/v2\/posts\/8434\/revisions\/8721"}],"wp:featuredmedia":[{"embeddable":true,"href":"https:\/\/agora.xtec.cat\/escolalavilapalamos\/wp-json\/wp\/v2\/media\/8720"}],"wp:attachment":[{"href":"https:\/\/agora.xtec.cat\/escolalavilapalamos\/wp-json\/wp\/v2\/media?parent=8434"}],"wp:term":[{"taxonomy":"category","embeddable":true,"href":"https:\/\/agora.xtec.cat\/escolalavilapalamos\/wp-json\/wp\/v2\/categories?post=8434"},{"taxonomy":"post_tag","embeddable":true,"href":"https:\/\/agora.xtec.cat\/escolalavilapalamos\/wp-json\/wp\/v2\/tags?post=8434"}],"curies":[{"name":"wp","href":"https:\/\/api.w.org\/{rel}","templated":true}]}}